{"id":4929,"date":"2020-11-18T18:44:10","date_gmt":"2020-11-18T18:44:10","guid":{"rendered":"http:\/\/csapokert.gorogkatolikus.hu\/?p=4929"},"modified":"2020-11-18T18:47:28","modified_gmt":"2020-11-18T18:47:28","slug":"uj-jarvanyugyi-eloirasok","status":"publish","type":"post","link":"http:\/\/csapokert.gorogkatolikus.hu\/?p=4929","title":{"rendered":"\u00daj j\u00e1rv\u00e1ny\u00fcgyi el\u0151\u00edr\u00e1sok"},"content":{"rendered":"<p><img decoding=\"async\" loading=\"lazy\" class=\"alignleft size-thumbnail wp-image-4758\" src=\"http:\/\/csapokert.gorogkatolikus.hu\/wp-content\/uploads\/2020\/03\/metropol-pecs\u00e9t-150x150.png\" alt=\"\" width=\"150\" height=\"150\" srcset=\"http:\/\/csapokert.gorogkatolikus.hu\/wp-content\/uploads\/2020\/03\/metropol-pecs\u00e9t-150x150.png 150w, http:\/\/csapokert.gorogkatolikus.hu\/wp-content\/uploads\/2020\/03\/metropol-pecs\u00e9t-300x300.png 300w, http:\/\/csapokert.gorogkatolikus.hu\/wp-content\/uploads\/2020\/03\/metropol-pecs\u00e9t.png 440w\" sizes=\"(max-width: 150px) 100vw, 150px\" \/><\/p>\n<p>&nbsp;<\/p>\n<p>&nbsp;<\/p>\n<p>&nbsp;<\/p>\n<p>Az al\u00e1bbi linken olvashat\u00f3k r\u00e9szletesen a G\u00f6r\u00f6gkatolikus Metrop\u00f3lia leg\u00fajabb j\u00e1rv\u00e1ny\u00fcgyi liturgikus rendelkez\u00e9sei:<\/p>\n<p>&nbsp;<\/p>\n<p>&nbsp;<\/p>\n<p><a href=\"https:\/\/hd.gorogkatolikus.hu\/Kozlemeny-a-jarvanyugyi-eloirasok-Gorogkatolikus-egyhazi-vonatkozasairol-2020-november-10?fbclid=IwAR3BLilxxBm5wziAdsKEsuXmmShqoSJQemijAmeCPWzES8dvJlLbL3Ss6WI\">https:\/\/hd.gorogkatolikus.hu\/Kozlemeny-a-jarvanyugyi-eloirasok-Gorogkatolikus-egyhazi-vonatkozasairol-2020-november-10?fbclid=IwAR3BLilxxBm5wziAdsKEsuXmmShqoSJQemijAmeCPWzES8dvJlLbL3Ss6WI<\/a><\/p>\n<p><strong>R\u00f6viden:<\/strong><\/p>\n<ul>\n<li>K\u00f6telez\u0151 a maszkvisel\u00e9s<\/li>\n<li>A lehet\u0151 legnagyobb t\u00e1vols\u00e1gtart\u00e1sra kell t\u00f6rekedni<\/li>\n<li>A betegek \u00e9s id\u0151sek saj\u00e1t \u00e9rdek\u00fckben maradjanak otthon<\/li>\n<\/ul>\n","protected":false},"excerpt":{"rendered":"<p>&nbsp; &nbsp; &nbsp; Az al\u00e1bbi linken olvashat\u00f3k r\u00e9szletesen a G\u00f6r\u00f6gkatolikus Metrop\u00f3lia leg\u00fajabb j\u00e1rv\u00e1ny\u00fcgyi liturgikus rendelkez\u00e9sei: &nbsp; &nbsp; https:\/\/hd.gorogkatolikus.hu\/Kozlemeny-a-jarvanyugyi-eloirasok-Gorogkatolikus-egyhazi-vonatkozasairol-2020-november-10?fbclid=IwAR3BLilxxBm5wziAdsKEsuXmmShqoSJQemijAmeCPWzES8dvJlLbL3Ss6WI R\u00f6viden: K\u00f6telez\u0151 a maszkvisel\u00e9s A lehet\u0151 legnagyobb t\u00e1vols\u00e1gtart\u00e1sra kell t\u00f6rekedni A betegek \u00e9s id\u0151sek saj\u00e1t \u00e9rdek\u00fckben maradjanak otthon<\/p>\n","protected":false},"author":3,"featured_media":0,"comment_status":"closed","ping_status":"closed","sticky":false,"template":"","format":"standard","meta":{"ngg_post_thumbnail":0},"categories":[1],"tags":[],"_links":{"self":[{"href":"http:\/\/csapokert.gorogkatolikus.hu\/index.php?rest_route=\/wp\/v2\/posts\/4929"}],"collection":[{"href":"http:\/\/csapokert.gorogkatolikus.hu\/index.php?rest_route=\/wp\/v2\/posts"}],"about":[{"href":"http:\/\/csapokert.gorogkatolikus.hu\/index.php?rest_route=\/wp\/v2\/types\/post"}],"author":[{"embeddable":true,"href":"http:\/\/csapokert.gorogkatolikus.hu\/index.php?rest_route=\/wp\/v2\/users\/3"}],"replies":[{"embeddable":true,"href":"http:\/\/csapokert.gorogkatolikus.hu\/index.php?rest_route=%2Fwp%2Fv2%2Fcomments&post=4929"}],"version-history":[{"count":5,"href":"http:\/\/csapokert.gorogkatolikus.hu\/index.php?rest_route=\/wp\/v2\/posts\/4929\/revisions"}],"predecessor-version":[{"id":4934,"href":"http:\/\/csapokert.gorogkatolikus.hu\/index.php?rest_route=\/wp\/v2\/posts\/4929\/revisions\/4934"}],"wp:attachment":[{"href":"http:\/\/csapokert.gorogkatolikus.hu\/index.php?rest_route=%2Fwp%2Fv2%2Fmedia&parent=4929"}],"wp:term":[{"taxonomy":"category","embeddable":true,"href":"http:\/\/csapokert.gorogkatolikus.hu\/index.php?rest_route=%2Fwp%2Fv2%2Fcategories&post=4929"},{"taxonomy":"post_tag","embeddable":true,"href":"http:\/\/csapokert.gorogkatolikus.hu\/index.php?rest_route=%2Fwp%2Fv2%2Ftags&post=4929"}],"curies":[{"name":"wp","href":"https:\/\/api.w.org\/{rel}","templated":true}]}}