{"id":4935,"date":"2020-11-18T18:55:27","date_gmt":"2020-11-18T18:55:27","guid":{"rendered":"http:\/\/csapokert.gorogkatolikus.hu\/?p=4935"},"modified":"2021-03-15T08:32:48","modified_gmt":"2021-03-15T08:32:48","slug":"templomunk-is-csatlakozik-a-november-21-re-meghirdetett-vilagmeretu-imadsagra","status":"publish","type":"post","link":"http:\/\/csapokert.gorogkatolikus.hu\/?p=4935","title":{"rendered":"Templomunk is csatlakozik a november 21-re meghirdetett vil\u00e1gm\u00e9ret\u0171 im\u00e1ds\u00e1ghoz"},"content":{"rendered":"<pre>Kedves Testv\u00e9rek!\r\n\r\nNovember 21-\u00e9n, szombaton templomunkban vecserny\u00e9t tartunk 17.00-t\u00f3l, \u00e9s azzal kapcsol\u00f3dunk be ism\u00e9t az Eucharisztikus Vil\u00e1gkongresszusra val\u00f3 felk\u00e9sz\u00fcl\u00e9sbe.\r\n\r\nK\u00e9rj\u00fck a m\u00e1r hivatkozott j\u00e1rv\u00e1ny\u00fcgyi szab\u00e1lyok betart\u00e1s\u00e1t.\r\n\r\nAz ima\u00f3r\u00e1ra val\u00f3 felh\u00edv\u00e1s teljes sz\u00f6veg\u00e9t az al\u00e1bbi linken lehet elolvasni:\u00a0<a href=\"https:\/\/hd.gorogkatolikus.hu\/Jojjetek,-Atyam-aldottai!---vilagmeretu-kozos-imadsag-november-21-en--2020-november-16\">https:\/\/hd.gorogkatolikus.hu\/Jojjetek,-Atyam-aldottai!---vilagmeretu-kozos-imadsag-november-21-en--2020-november-16<\/a><\/pre>\n<p><img decoding=\"async\" loading=\"lazy\" src=\"https:\/\/orthodoxwiki.org\/images\/9\/97\/Last_supper.jpg\" alt=\"File:Last supper.jpg\" width=\"302\" height=\"222\" \/><\/p>\n","protected":false},"excerpt":{"rendered":"<p>Kedves Testv\u00e9rek! November 21-\u00e9n, szombaton templomunkban vecserny\u00e9t tartunk 17.00-t\u00f3l, \u00e9s azzal kapcsol\u00f3dunk be ism\u00e9t az Eucharisztikus Vil\u00e1gkongresszusra val\u00f3 felk\u00e9sz\u00fcl\u00e9sbe. K\u00e9rj\u00fck a m\u00e1r hivatkozott j\u00e1rv\u00e1ny\u00fcgyi szab\u00e1lyok betart\u00e1s\u00e1t. Az ima\u00f3r\u00e1ra val\u00f3 felh\u00edv\u00e1s teljes sz\u00f6veg\u00e9t az al\u00e1bbi linken lehet elolvasni:\u00a0https:\/\/hd.gorogkatolikus.hu\/Jojjetek,-Atyam-aldottai!&#8212;vilagmeretu-kozos-imadsag-november-21-en&#8211;2020-november-16<\/p>\n","protected":false},"author":3,"featured_media":0,"comment_status":"closed","ping_status":"closed","sticky":false,"template":"","format":"standard","meta":{"ngg_post_thumbnail":0},"categories":[1],"tags":[],"_links":{"self":[{"href":"http:\/\/csapokert.gorogkatolikus.hu\/index.php?rest_route=\/wp\/v2\/posts\/4935"}],"collection":[{"href":"http:\/\/csapokert.gorogkatolikus.hu\/index.php?rest_route=\/wp\/v2\/posts"}],"about":[{"href":"http:\/\/csapokert.gorogkatolikus.hu\/index.php?rest_route=\/wp\/v2\/types\/post"}],"author":[{"embeddable":true,"href":"http:\/\/csapokert.gorogkatolikus.hu\/index.php?rest_route=\/wp\/v2\/users\/3"}],"replies":[{"embeddable":true,"href":"http:\/\/csapokert.gorogkatolikus.hu\/index.php?rest_route=%2Fwp%2Fv2%2Fcomments&post=4935"}],"version-history":[{"count":6,"href":"http:\/\/csapokert.gorogkatolikus.hu\/index.php?rest_route=\/wp\/v2\/posts\/4935\/revisions"}],"predecessor-version":[{"id":4977,"href":"http:\/\/csapokert.gorogkatolikus.hu\/index.php?rest_route=\/wp\/v2\/posts\/4935\/revisions\/4977"}],"wp:attachment":[{"href":"http:\/\/csapokert.gorogkatolikus.hu\/index.php?rest_route=%2Fwp%2Fv2%2Fmedia&parent=4935"}],"wp:term":[{"taxonomy":"category","embeddable":true,"href":"http:\/\/csapokert.gorogkatolikus.hu\/index.php?rest_route=%2Fwp%2Fv2%2Fcategories&post=4935"},{"taxonomy":"post_tag","embeddable":true,"href":"http:\/\/csapokert.gorogkatolikus.hu\/index.php?rest_route=%2Fwp%2Fv2%2Ftags&post=4935"}],"curies":[{"name":"wp","href":"https:\/\/api.w.org\/{rel}","templated":true}]}}