{"id":4950,"date":"2020-12-16T10:18:40","date_gmt":"2020-12-16T10:18:40","guid":{"rendered":"http:\/\/csapokert.gorogkatolikus.hu\/?p=4950"},"modified":"2020-12-16T10:18:40","modified_gmt":"2020-12-16T10:18:40","slug":"keszulodj-fel-betlehem","status":"publish","type":"post","link":"http:\/\/csapokert.gorogkatolikus.hu\/?p=4950","title":{"rendered":"K\u00e9sz\u00fcl\u0151dj fel Betlehem!"},"content":{"rendered":"<p>&nbsp;<\/p>\n<p><a style=\"text-decoration-line: none;\" href=\"http:\/\/csapokert.gorogkatolikus.hu\/wp-content\/uploads\/2020\/12\/2nativity-fast-advent-woman-prays-church-600x340.jpg\"><img decoding=\"async\" loading=\"lazy\" class=\"alignleft size-thumbnail wp-image-4951\" src=\"http:\/\/csapokert.gorogkatolikus.hu\/wp-content\/uploads\/2020\/12\/2nativity-fast-advent-woman-prays-church-600x340-150x150.jpg\" alt=\"\" width=\"150\" height=\"150\" \/><\/a><\/p>\n<p>Kedves Testv\u00e9rek!<\/p>\n<p>&nbsp;<\/p>\n<p>Ebben a sokak (tal\u00e1n sokunk) sz\u00e1m\u00e1ra az elm\u00falt \u00e9vtizedekhez k\u00e9pest csendesebb \u00e9s visszafogottabb adventi id\u0151szakban vegy\u00fck \u00e9szre azt, ami \u00fcdv\u00f6ss\u00e9g\u00fcnket szolg\u00e1lhatja. \u00c9vtizedekkel ezel\u0151tt a kar\u00e1csonyi el\u0151k\u00e9sz\u00fclet nem h\u00f3napokig tart\u00f3 v\u00e1s\u00e1ri forgatag volt, nem hangoskod\u00e1s, finoms\u00e1gok folyamatos nassol\u00e1sa, szemk\u00e1pr\u00e1ztat\u00f3 f\u00e9ny\u00f6z\u00f6n, sokkal ink\u00e1bb csendes, meghitt csal\u00e1di, iskolai \u00e9s templomi k\u00f6z\u00f6ss\u00e9gekben meg\u00e9lt min\u0151s\u00e9gi v\u00e1rakoz\u00e1s, hangol\u00f3d\u00e1s a k\u00f6zelg\u0151 \u00fcnnepre. Haszn\u00e1ljuk ki a k\u00fcl\u00f6nb\u00f6z\u0151 megszor\u00edt\u00f3 int\u00e9zked\u00e9seket arra, hogy ott keress\u00fck az igazi \u00f6r\u00f6m\u00f6t \u00e9s lelk\u00fcnk b\u00e9k\u00e9j\u00e9t, ahol kor\u00e1bban mindig oly mag\u00e1t\u00f3l \u00e9rtet\u0151d\u0151en megtal\u00e1ltuk. S ne sajn\u00e1ljuk annak elm\u00fal\u00e1s\u00e1t, ami azt b\u00e1r hangosan \u00edg\u00e9rte, megadni szinte soha nem tudta.<\/p>\n<p>Kar\u00e1csonyi k\u00e9sz\u00fcl\u0151d\u00e9s\u00fcnk sz\u00edvmeleg\u00edt\u0151je legyen gyermekeink \u00e9s h\u00edveink \u00e9nekes, zen\u00e9s kis kedvess\u00e9ge (amit technikai okok miatt a facebook-csoportunkban lehet megtekinteni.)<\/p>\n<p>&nbsp;<\/p>\n<p>&nbsp;<\/p>\n<p>&nbsp;<\/p>\n","protected":false},"excerpt":{"rendered":"<p>&nbsp; Kedves Testv\u00e9rek! &nbsp; Ebben a sokak (tal\u00e1n sokunk) sz\u00e1m\u00e1ra az elm\u00falt \u00e9vtizedekhez k\u00e9pest csendesebb \u00e9s visszafogottabb adventi id\u0151szakban vegy\u00fck \u00e9szre azt, ami \u00fcdv\u00f6ss\u00e9g\u00fcnket szolg\u00e1lhatja. \u00c9vtizedekkel ezel\u0151tt a kar\u00e1csonyi el\u0151k\u00e9sz\u00fclet nem h\u00f3napokig tart\u00f3 v\u00e1s\u00e1ri forgatag volt, nem hangoskod\u00e1s, finoms\u00e1gok folyamatos nassol\u00e1sa, szemk\u00e1pr\u00e1ztat\u00f3 f\u00e9ny\u00f6z\u00f6n, sokkal ink\u00e1bb csendes, meghitt csal\u00e1di, iskolai \u00e9s templomi k\u00f6z\u00f6ss\u00e9gekben meg\u00e9lt min\u0151s\u00e9gi v\u00e1rakoz\u00e1s, [&hellip;]<\/p>\n","protected":false},"author":3,"featured_media":0,"comment_status":"closed","ping_status":"closed","sticky":false,"template":"","format":"standard","meta":{"ngg_post_thumbnail":0},"categories":[1],"tags":[],"_links":{"self":[{"href":"http:\/\/csapokert.gorogkatolikus.hu\/index.php?rest_route=\/wp\/v2\/posts\/4950"}],"collection":[{"href":"http:\/\/csapokert.gorogkatolikus.hu\/index.php?rest_route=\/wp\/v2\/posts"}],"about":[{"href":"http:\/\/csapokert.gorogkatolikus.hu\/index.php?rest_route=\/wp\/v2\/types\/post"}],"author":[{"embeddable":true,"href":"http:\/\/csapokert.gorogkatolikus.hu\/index.php?rest_route=\/wp\/v2\/users\/3"}],"replies":[{"embeddable":true,"href":"http:\/\/csapokert.gorogkatolikus.hu\/index.php?rest_route=%2Fwp%2Fv2%2Fcomments&post=4950"}],"version-history":[{"count":2,"href":"http:\/\/csapokert.gorogkatolikus.hu\/index.php?rest_route=\/wp\/v2\/posts\/4950\/revisions"}],"predecessor-version":[{"id":4953,"href":"http:\/\/csapokert.gorogkatolikus.hu\/index.php?rest_route=\/wp\/v2\/posts\/4950\/revisions\/4953"}],"wp:attachment":[{"href":"http:\/\/csapokert.gorogkatolikus.hu\/index.php?rest_route=%2Fwp%2Fv2%2Fmedia&parent=4950"}],"wp:term":[{"taxonomy":"category","embeddable":true,"href":"http:\/\/csapokert.gorogkatolikus.hu\/index.php?rest_route=%2Fwp%2Fv2%2Fcategories&post=4950"},{"taxonomy":"post_tag","embeddable":true,"href":"http:\/\/csapokert.gorogkatolikus.hu\/index.php?rest_route=%2Fwp%2Fv2%2Ftags&post=4950"}],"curies":[{"name":"wp","href":"https:\/\/api.w.org\/{rel}","templated":true}]}}