{"id":4954,"date":"2020-12-21T20:02:56","date_gmt":"2020-12-21T20:02:56","guid":{"rendered":"http:\/\/csapokert.gorogkatolikus.hu\/?p=4954"},"modified":"2020-12-24T18:02:00","modified_gmt":"2020-12-24T18:02:00","slug":"karacsonyi-szertartasok","status":"publish","type":"post","link":"http:\/\/csapokert.gorogkatolikus.hu\/?p=4954","title":{"rendered":"Kar\u00e1csonyi szertart\u00e1sok"},"content":{"rendered":"<pre><a href=\"http:\/\/csapokert.gorogkatolikus.hu\/wp-content\/uploads\/2018\/12\/201712_elo_betlehem_kispatakon.jpg\"><img decoding=\"async\" loading=\"lazy\" class=\"alignleft size-thumbnail wp-image-3576\" src=\"http:\/\/csapokert.gorogkatolikus.hu\/wp-content\/uploads\/2018\/12\/201712_elo_betlehem_kispatakon-150x150.jpg\" alt=\"\" width=\"150\" height=\"150\" \/><\/a>December 24-\u00e9n, cs\u00fct\u00f6rt\u00f6k\u00f6n, 8.00 Kir\u00e1lyi ima\u00f3r\u00e1k; 17.00 Vecsernye \u00e9s Szent Bazil Liturgia\r\n<strong>\r\nDecember 24-\u00e9n, Szenteste 23.00 zsolozsma, 00.00-t\u00f3l \u00c9jf\u00e9li Szent Liturgia\u00a0lesz templomunkban.\u00a0<\/strong>\r\n\r\nDecember 25, 26, 27-\u00e9n \u00fcnnepi liturgikus rend szerint lesznek szertart\u00e1saink.<\/pre>\n","protected":false},"excerpt":{"rendered":"<p>December 24-\u00e9n, cs\u00fct\u00f6rt\u00f6k\u00f6n, 8.00 Kir\u00e1lyi ima\u00f3r\u00e1k; 17.00 Vecsernye \u00e9s Szent Bazil Liturgia December 24-\u00e9n, Szenteste 23.00 zsolozsma, 00.00-t\u00f3l \u00c9jf\u00e9li Szent Liturgia\u00a0lesz templomunkban.\u00a0 December 25, 26, 27-\u00e9n \u00fcnnepi liturgikus rend szerint lesznek szertart\u00e1saink.<\/p>\n","protected":false},"author":3,"featured_media":0,"comment_status":"closed","ping_status":"closed","sticky":false,"template":"","format":"standard","meta":{"ngg_post_thumbnail":0},"categories":[1],"tags":[],"_links":{"self":[{"href":"http:\/\/csapokert.gorogkatolikus.hu\/index.php?rest_route=\/wp\/v2\/posts\/4954"}],"collection":[{"href":"http:\/\/csapokert.gorogkatolikus.hu\/index.php?rest_route=\/wp\/v2\/posts"}],"about":[{"href":"http:\/\/csapokert.gorogkatolikus.hu\/index.php?rest_route=\/wp\/v2\/types\/post"}],"author":[{"embeddable":true,"href":"http:\/\/csapokert.gorogkatolikus.hu\/index.php?rest_route=\/wp\/v2\/users\/3"}],"replies":[{"embeddable":true,"href":"http:\/\/csapokert.gorogkatolikus.hu\/index.php?rest_route=%2Fwp%2Fv2%2Fcomments&post=4954"}],"version-history":[{"count":7,"href":"http:\/\/csapokert.gorogkatolikus.hu\/index.php?rest_route=\/wp\/v2\/posts\/4954\/revisions"}],"predecessor-version":[{"id":4958,"href":"http:\/\/csapokert.gorogkatolikus.hu\/index.php?rest_route=\/wp\/v2\/posts\/4954\/revisions\/4958"}],"wp:attachment":[{"href":"http:\/\/csapokert.gorogkatolikus.hu\/index.php?rest_route=%2Fwp%2Fv2%2Fmedia&parent=4954"}],"wp:term":[{"taxonomy":"category","embeddable":true,"href":"http:\/\/csapokert.gorogkatolikus.hu\/index.php?rest_route=%2Fwp%2Fv2%2Fcategories&post=4954"},{"taxonomy":"post_tag","embeddable":true,"href":"http:\/\/csapokert.gorogkatolikus.hu\/index.php?rest_route=%2Fwp%2Fv2%2Ftags&post=4954"}],"curies":[{"name":"wp","href":"https:\/\/api.w.org\/{rel}","templated":true}]}}