{"id":4972,"date":"2021-03-15T08:31:14","date_gmt":"2021-03-15T08:31:14","guid":{"rendered":"http:\/\/csapokert.gorogkatolikus.hu\/?p=4972"},"modified":"2021-03-15T08:31:14","modified_gmt":"2021-03-15T08:31:14","slug":"aktualis-jarvanyugyi-rendelkezesek","status":"publish","type":"post","link":"http:\/\/csapokert.gorogkatolikus.hu\/?p=4972","title":{"rendered":"Aktu\u00e1lis j\u00e1rv\u00e1ny\u00fcgyi rendelkez\u00e9sek"},"content":{"rendered":"<p>&nbsp;<\/p>\n<p>&nbsp;<\/p>\n<p><a href=\"http:\/\/csapokert.gorogkatolikus.hu\/wp-content\/uploads\/2020\/03\/metropol-pecs\u00e9t.png\"><img decoding=\"async\" loading=\"lazy\" class=\"alignleft  wp-image-4758\" src=\"http:\/\/csapokert.gorogkatolikus.hu\/wp-content\/uploads\/2020\/03\/metropol-pecs\u00e9t.png\" alt=\"\" width=\"198\" height=\"198\" srcset=\"http:\/\/csapokert.gorogkatolikus.hu\/wp-content\/uploads\/2020\/03\/metropol-pecs\u00e9t.png 440w, http:\/\/csapokert.gorogkatolikus.hu\/wp-content\/uploads\/2020\/03\/metropol-pecs\u00e9t-150x150.png 150w, http:\/\/csapokert.gorogkatolikus.hu\/wp-content\/uploads\/2020\/03\/metropol-pecs\u00e9t-300x300.png 300w\" sizes=\"(max-width: 198px) 100vw, 198px\" \/><\/a><\/p>\n<p>&nbsp;<\/p>\n<h6>A f\u0151egyh\u00e1zmegy\u00e9nkben \u00e9rv\u00e9nyes aktu\u00e1lis rendelkez\u00e9sekr\u0151l az al\u00e1bbi linken lehet olvasni. Ennek \u00e9rtelm\u00e9ben templomunkban m\u00e9g tartunk nyilv\u00e1nos istentiszteletet, b\u00e1r azok l\u00e9tsz\u00e1mbeli l\u00e1togathat\u00f3s\u00e1ga korl\u00e1tozott.<\/h6>\n<h6>https:\/\/hd.gorogkatolikus.hu\/A-Gorogkatolikus-Metropolia-rendelkezesei-2021-marcius-05<\/h6>\n<p>&nbsp;<\/p>\n","protected":false},"excerpt":{"rendered":"<p>&nbsp; &nbsp; &nbsp; A f\u0151egyh\u00e1zmegy\u00e9nkben \u00e9rv\u00e9nyes aktu\u00e1lis rendelkez\u00e9sekr\u0151l az al\u00e1bbi linken lehet olvasni. Ennek \u00e9rtelm\u00e9ben templomunkban m\u00e9g tartunk nyilv\u00e1nos istentiszteletet, b\u00e1r azok l\u00e9tsz\u00e1mbeli l\u00e1togathat\u00f3s\u00e1ga korl\u00e1tozott. https:\/\/hd.gorogkatolikus.hu\/A-Gorogkatolikus-Metropolia-rendelkezesei-2021-marcius-05 &nbsp;<\/p>\n","protected":false},"author":3,"featured_media":0,"comment_status":"closed","ping_status":"closed","sticky":false,"template":"","format":"standard","meta":{"ngg_post_thumbnail":0},"categories":[1],"tags":[],"_links":{"self":[{"href":"http:\/\/csapokert.gorogkatolikus.hu\/index.php?rest_route=\/wp\/v2\/posts\/4972"}],"collection":[{"href":"http:\/\/csapokert.gorogkatolikus.hu\/index.php?rest_route=\/wp\/v2\/posts"}],"about":[{"href":"http:\/\/csapokert.gorogkatolikus.hu\/index.php?rest_route=\/wp\/v2\/types\/post"}],"author":[{"embeddable":true,"href":"http:\/\/csapokert.gorogkatolikus.hu\/index.php?rest_route=\/wp\/v2\/users\/3"}],"replies":[{"embeddable":true,"href":"http:\/\/csapokert.gorogkatolikus.hu\/index.php?rest_route=%2Fwp%2Fv2%2Fcomments&post=4972"}],"version-history":[{"count":4,"href":"http:\/\/csapokert.gorogkatolikus.hu\/index.php?rest_route=\/wp\/v2\/posts\/4972\/revisions"}],"predecessor-version":[{"id":4976,"href":"http:\/\/csapokert.gorogkatolikus.hu\/index.php?rest_route=\/wp\/v2\/posts\/4972\/revisions\/4976"}],"wp:attachment":[{"href":"http:\/\/csapokert.gorogkatolikus.hu\/index.php?rest_route=%2Fwp%2Fv2%2Fmedia&parent=4972"}],"wp:term":[{"taxonomy":"category","embeddable":true,"href":"http:\/\/csapokert.gorogkatolikus.hu\/index.php?rest_route=%2Fwp%2Fv2%2Fcategories&post=4972"},{"taxonomy":"post_tag","embeddable":true,"href":"http:\/\/csapokert.gorogkatolikus.hu\/index.php?rest_route=%2Fwp%2Fv2%2Ftags&post=4972"}],"curies":[{"name":"wp","href":"https:\/\/api.w.org\/{rel}","templated":true}]}}