{"id":4982,"date":"2021-03-29T07:58:24","date_gmt":"2021-03-29T07:58:24","guid":{"rendered":"http:\/\/csapokert.gorogkatolikus.hu\/?p=4982"},"modified":"2021-04-01T06:08:06","modified_gmt":"2021-04-01T06:08:06","slug":"nagyheti-es-husveti-szertartasrend","status":"publish","type":"post","link":"http:\/\/csapokert.gorogkatolikus.hu\/?p=4982","title":{"rendered":"Nagyheti \u00e9s h\u00fasv\u00e9ti szertart\u00e1srend"},"content":{"rendered":"<h5><\/h5>\n<h5><strong>\u201eF\u00f6lt\u00e1madt Krisztus halottaib\u00f3l,<\/strong><\/h5>\n<h5><strong>\u00a0legy\u0151zte hal\u00e1llal a hal\u00e1lt,<\/strong><\/h5>\n<h5><strong>\u00a0\u00e9s a s\u00edrban l\u00e9v\u0151knek \u00e9letet aj\u00e1nd\u00e9kozott.\u201d<\/strong><\/h5>\n<h5><strong>\u00a0<\/strong><\/h5>\n<table width=\"640\">\n<tbody>\n<tr>\n<td width=\"307\">\n<h5><strong>m\u00e1rcius 28<\/strong>.<strong> Vir\u00e1gvas\u00e1rnap<\/strong><\/h5>\n<\/td>\n<td width=\"333\">\n<h5>8. <sup>30<\/sup> Utrenye<\/h5>\n<h5>9. <sup>30<\/sup> Szent Liturgia barkaszentel\u00e9ssel<\/h5>\n<h5>17.<sup>00<\/sup> Vecsernye<\/h5>\n<\/td>\n<\/tr>\n<tr>\n<td width=\"307\">\n<h5><strong>m\u00e1rcius 29<\/strong>. <strong>Nagyh\u00e9tf\u0151<\/strong><\/h5>\n<\/td>\n<td width=\"333\">\n<h5>17.<sup>00<\/sup> El\u0151szenteltek liturgi\u00e1ja<\/h5>\n<\/td>\n<\/tr>\n<tr>\n<td width=\"307\">\n<h5><strong>m\u00e1rcius 30<\/strong>.<strong> Nagykedd<\/strong><\/h5>\n<\/td>\n<td width=\"333\">\n<h5>17.<sup>00<\/sup> El\u0151szenteltek liturgi\u00e1ja<\/h5>\n<\/td>\n<\/tr>\n<tr>\n<td width=\"307\">\n<h5><strong>m\u00e1rcius 31<\/strong>. <strong>Nagyszerda<\/strong><\/h5>\n<\/td>\n<td width=\"333\">\n<h5>17.<sup>00<\/sup> El\u0151szenteltek liturgi\u00e1ja<\/h5>\n<\/td>\n<\/tr>\n<tr>\n<td width=\"307\">\n<h5><strong>\u00e1prilis<\/strong> <strong>1<\/strong>.<strong> Nagycs\u00fct\u00f6rt\u00f6k<\/strong><\/h5>\n<\/td>\n<td width=\"333\">\n<h5>9.<sup>30\u00a0<\/sup>Nagy Szt Bazil liturgia vecserny\u00e9vel<\/h5>\n<h5>17.<sup>00<\/sup> K\u00ednszenved\u00e9si evang\u00e9liumok<\/h5>\n<\/td>\n<\/tr>\n<tr>\n<td width=\"307\">\n<h5><strong>\u00e1prilis<\/strong> <strong>2<\/strong>.<strong> Nagyp\u00e9ntek<\/strong><\/h5>\n<\/td>\n<td width=\"333\">\n<h5>8.<sup>00 <\/sup>\u00a0kir\u00e1lyi ima\u00f3r\u00e1k<\/h5>\n<h5>17.<sup>00<\/sup> S\u00edrbat\u00e9teli vecsernye<\/h5>\n<\/td>\n<\/tr>\n<tr>\n<td width=\"307\">\n<h5><strong>\u00e1prilis<\/strong> <strong>3<\/strong>.<strong> Nagyszombat<\/strong><\/h5>\n<\/td>\n<td width=\"333\">\n<h5>8.<sup>00<\/sup> Vecsernye, Nagy Szt Bazil liturgia<\/h5>\n<h5>10.<sup>00<\/sup> &#8211; 19.<sup>00<\/sup> Szents\u00edr egy\u00e9nileg l\u00e1togathat\u00f3<\/h5>\n<\/td>\n<\/tr>\n<tr>\n<td width=\"307\">\n<h5><strong>\u00e1prilis<\/strong> <strong>4<\/strong>.<strong> H\u00fasv\u00e9tvas\u00e1rnap<\/strong><\/h5>\n<h5><strong><em><u>\u00a0<\/u><\/em><\/strong><\/h5>\n<\/td>\n<td width=\"333\">\n<h5>5.<sup>30<\/sup>\u00a0Felt\u00e1mad\u00e1si szertart\u00e1s, p\u00e1szkaszentel\u00e9s<\/h5>\n<h5>9.<sup>30<\/sup> \u00dcnnepi Szt. Liturgia, p\u00e1szkaszentel\u00e9s a templomudvaron<\/h5>\n<\/td>\n<\/tr>\n<\/tbody>\n<\/table>\n<h5><\/h5>\n<p>&nbsp;<\/p>\n<p><strong>MEGJEGYZ\u00c9S<\/strong>: H\u00fasv\u00e9tvas\u00e1rnap a Szent Liturgi\u00e1n l\u00e9tsz\u00e1m korl\u00e1toz\u00e1s lesz \u00e9rv\u00e9nyben. A templomudvaron kihangos\u00edt\u00e1ssal l\u00e9tsz\u00e1m korl\u00e1toz\u00e1s n\u00e9lk\u00fcl (de maszkban) lehet az \u00fcnnepet megszentelni.<\/p>\n<p>&nbsp;<\/p>\n<p>Templomunkban<strong> r\u00f3mai katolikus<\/strong> szertart\u00e1sok tov\u00e1bbi rendelkez\u00e9sig <strong>sz\u00fcnetelnek<\/strong>:<\/p>\n","protected":false},"excerpt":{"rendered":"<p>\u201eF\u00f6lt\u00e1madt Krisztus halottaib\u00f3l, \u00a0legy\u0151zte hal\u00e1llal a hal\u00e1lt, \u00a0\u00e9s a s\u00edrban l\u00e9v\u0151knek \u00e9letet aj\u00e1nd\u00e9kozott.\u201d \u00a0 m\u00e1rcius 28. Vir\u00e1gvas\u00e1rnap 8. 30 Utrenye 9. 30 Szent Liturgia barkaszentel\u00e9ssel 17.00 Vecsernye m\u00e1rcius 29. Nagyh\u00e9tf\u0151 17.00 El\u0151szenteltek liturgi\u00e1ja m\u00e1rcius 30. Nagykedd 17.00 El\u0151szenteltek liturgi\u00e1ja m\u00e1rcius 31. Nagyszerda 17.00 El\u0151szenteltek liturgi\u00e1ja \u00e1prilis 1. Nagycs\u00fct\u00f6rt\u00f6k 9.30\u00a0Nagy Szt Bazil liturgia vecserny\u00e9vel 17.00 K\u00ednszenved\u00e9si [&hellip;]<\/p>\n","protected":false},"author":3,"featured_media":0,"comment_status":"closed","ping_status":"closed","sticky":false,"template":"","format":"standard","meta":{"ngg_post_thumbnail":0},"categories":[1],"tags":[],"_links":{"self":[{"href":"http:\/\/csapokert.gorogkatolikus.hu\/index.php?rest_route=\/wp\/v2\/posts\/4982"}],"collection":[{"href":"http:\/\/csapokert.gorogkatolikus.hu\/index.php?rest_route=\/wp\/v2\/posts"}],"about":[{"href":"http:\/\/csapokert.gorogkatolikus.hu\/index.php?rest_route=\/wp\/v2\/types\/post"}],"author":[{"embeddable":true,"href":"http:\/\/csapokert.gorogkatolikus.hu\/index.php?rest_route=\/wp\/v2\/users\/3"}],"replies":[{"embeddable":true,"href":"http:\/\/csapokert.gorogkatolikus.hu\/index.php?rest_route=%2Fwp%2Fv2%2Fcomments&post=4982"}],"version-history":[{"count":7,"href":"http:\/\/csapokert.gorogkatolikus.hu\/index.php?rest_route=\/wp\/v2\/posts\/4982\/revisions"}],"predecessor-version":[{"id":4987,"href":"http:\/\/csapokert.gorogkatolikus.hu\/index.php?rest_route=\/wp\/v2\/posts\/4982\/revisions\/4987"}],"wp:attachment":[{"href":"http:\/\/csapokert.gorogkatolikus.hu\/index.php?rest_route=%2Fwp%2Fv2%2Fmedia&parent=4982"}],"wp:term":[{"taxonomy":"category","embeddable":true,"href":"http:\/\/csapokert.gorogkatolikus.hu\/index.php?rest_route=%2Fwp%2Fv2%2Fcategories&post=4982"},{"taxonomy":"post_tag","embeddable":true,"href":"http:\/\/csapokert.gorogkatolikus.hu\/index.php?rest_route=%2Fwp%2Fv2%2Ftags&post=4982"}],"curies":[{"name":"wp","href":"https:\/\/api.w.org\/{rel}","templated":true}]}}