{"id":4992,"date":"2021-08-12T21:07:13","date_gmt":"2021-08-12T21:07:13","guid":{"rendered":"http:\/\/csapokert.gorogkatolikus.hu\/?p=4992"},"modified":"2021-12-09T19:58:09","modified_gmt":"2021-12-09T19:58:09","slug":"templombucsu-2021-06-27","status":"publish","type":"post","link":"http:\/\/csapokert.gorogkatolikus.hu\/?p=4992","title":{"rendered":"Templomb\u00facs\u00fa 2021.06.27."},"content":{"rendered":"<p>&nbsp;<\/p>\n<p><img decoding=\"async\" loading=\"lazy\" class=\"alignleft wp-image-4993 \" src=\"http:\/\/csapokert.gorogkatolikus.hu\/wp-content\/uploads\/2021\/08\/IMG_20210627_114742-1024x766.jpg\" alt=\"\" width=\"329\" height=\"246\" srcset=\"http:\/\/csapokert.gorogkatolikus.hu\/wp-content\/uploads\/2021\/08\/IMG_20210627_114742-1024x766.jpg 1024w, http:\/\/csapokert.gorogkatolikus.hu\/wp-content\/uploads\/2021\/08\/IMG_20210627_114742-300x224.jpg 300w, http:\/\/csapokert.gorogkatolikus.hu\/wp-content\/uploads\/2021\/08\/IMG_20210627_114742-768x574.jpg 768w, http:\/\/csapokert.gorogkatolikus.hu\/wp-content\/uploads\/2021\/08\/IMG_20210627_114742-634x474.jpg 634w, http:\/\/csapokert.gorogkatolikus.hu\/wp-content\/uploads\/2021\/08\/IMG_20210627_114742-924x691.jpg 924w\" sizes=\"(max-width: 329px) 100vw, 329px\" \/><\/p>\n<p>&nbsp;<\/p>\n<p>&nbsp;<\/p>\n<p>Szent P\u00e9ter \u00e9s P\u00e1l f\u0151apostolok \u00fcnnep\u00e9n szok\u00e1s szerint megtartottuk templomunk b\u00facs\u00fa \u00fcnnep\u00e9t. Az id\u00e9n Dr. Gyurkovics Mikl\u00f3s atya, a hittudom\u00e1nyi f\u0151iskola rektorhelyettese volt a b\u00facs\u00fa\u00fcnnep\u00fcnk sz\u00f3noka, a Szent Liturgi\u00e1t pedig Dr. Seszt\u00e1k Istv\u00e1n f\u0151helyn\u00f6k atya vezette.<\/p>\n<p>&nbsp;<\/p>\n<p><!--more--><\/p>\n<p><img decoding=\"async\" loading=\"lazy\" class=\"alignleft wp-image-4994 size-medium\" src=\"http:\/\/csapokert.gorogkatolikus.hu\/wp-content\/uploads\/2021\/08\/IMG_20210627_122429-224x300.jpg\" alt=\"\" width=\"224\" height=\"300\" srcset=\"http:\/\/csapokert.gorogkatolikus.hu\/wp-content\/uploads\/2021\/08\/IMG_20210627_122429-224x300.jpg 224w, http:\/\/csapokert.gorogkatolikus.hu\/wp-content\/uploads\/2021\/08\/IMG_20210627_122429-768x1027.jpg 768w, http:\/\/csapokert.gorogkatolikus.hu\/wp-content\/uploads\/2021\/08\/IMG_20210627_122429-766x1024.jpg 766w, http:\/\/csapokert.gorogkatolikus.hu\/wp-content\/uploads\/2021\/08\/IMG_20210627_122429-634x848.jpg 634w, http:\/\/csapokert.gorogkatolikus.hu\/wp-content\/uploads\/2021\/08\/IMG_20210627_122429-924x1235.jpg 924w\" sizes=\"(max-width: 224px) 100vw, 224px\" \/><a href=\"http:\/\/csapokert.gorogkatolikus.hu\/wp-content\/uploads\/2021\/08\/IMG_20210627_123233.jpg\"><img decoding=\"async\" loading=\"lazy\" class=\"alignleft wp-image-4997 size-medium\" src=\"http:\/\/csapokert.gorogkatolikus.hu\/wp-content\/uploads\/2021\/08\/IMG_20210627_123233-224x300.jpg\" alt=\"\" width=\"224\" height=\"300\" srcset=\"http:\/\/csapokert.gorogkatolikus.hu\/wp-content\/uploads\/2021\/08\/IMG_20210627_123233-224x300.jpg 224w, http:\/\/csapokert.gorogkatolikus.hu\/wp-content\/uploads\/2021\/08\/IMG_20210627_123233-768x1027.jpg 768w, http:\/\/csapokert.gorogkatolikus.hu\/wp-content\/uploads\/2021\/08\/IMG_20210627_123233-766x1024.jpg 766w, http:\/\/csapokert.gorogkatolikus.hu\/wp-content\/uploads\/2021\/08\/IMG_20210627_123233-634x848.jpg 634w, http:\/\/csapokert.gorogkatolikus.hu\/wp-content\/uploads\/2021\/08\/IMG_20210627_123233-924x1235.jpg 924w\" sizes=\"(max-width: 224px) 100vw, 224px\" \/><\/a><a href=\"http:\/\/csapokert.gorogkatolikus.hu\/wp-content\/uploads\/2021\/08\/IMG_20210627_123848.jpg\"><img decoding=\"async\" loading=\"lazy\" class=\"alignleft wp-image-4998 size-medium\" src=\"http:\/\/csapokert.gorogkatolikus.hu\/wp-content\/uploads\/2021\/08\/IMG_20210627_123848-224x300.jpg\" alt=\"\" width=\"224\" height=\"300\" srcset=\"http:\/\/csapokert.gorogkatolikus.hu\/wp-content\/uploads\/2021\/08\/IMG_20210627_123848-224x300.jpg 224w, http:\/\/csapokert.gorogkatolikus.hu\/wp-content\/uploads\/2021\/08\/IMG_20210627_123848-768x1027.jpg 768w, http:\/\/csapokert.gorogkatolikus.hu\/wp-content\/uploads\/2021\/08\/IMG_20210627_123848-766x1024.jpg 766w, http:\/\/csapokert.gorogkatolikus.hu\/wp-content\/uploads\/2021\/08\/IMG_20210627_123848-634x848.jpg 634w, http:\/\/csapokert.gorogkatolikus.hu\/wp-content\/uploads\/2021\/08\/IMG_20210627_123848-924x1235.jpg 924w\" sizes=\"(max-width: 224px) 100vw, 224px\" \/><\/a><\/p>\n","protected":false},"excerpt":{"rendered":"<p>&nbsp; &nbsp; &nbsp; Szent P\u00e9ter \u00e9s P\u00e1l f\u0151apostolok \u00fcnnep\u00e9n szok\u00e1s szerint megtartottuk templomunk b\u00facs\u00fa \u00fcnnep\u00e9t. Az id\u00e9n Dr. Gyurkovics Mikl\u00f3s atya, a hittudom\u00e1nyi f\u0151iskola rektorhelyettese volt a b\u00facs\u00fa\u00fcnnep\u00fcnk sz\u00f3noka, a Szent Liturgi\u00e1t pedig Dr. Seszt\u00e1k Istv\u00e1n f\u0151helyn\u00f6k atya vezette. &nbsp;<\/p>\n","protected":false},"author":3,"featured_media":0,"comment_status":"closed","ping_status":"closed","sticky":false,"template":"","format":"standard","meta":{"ngg_post_thumbnail":0},"categories":[1],"tags":[],"_links":{"self":[{"href":"http:\/\/csapokert.gorogkatolikus.hu\/index.php?rest_route=\/wp\/v2\/posts\/4992"}],"collection":[{"href":"http:\/\/csapokert.gorogkatolikus.hu\/index.php?rest_route=\/wp\/v2\/posts"}],"about":[{"href":"http:\/\/csapokert.gorogkatolikus.hu\/index.php?rest_route=\/wp\/v2\/types\/post"}],"author":[{"embeddable":true,"href":"http:\/\/csapokert.gorogkatolikus.hu\/index.php?rest_route=\/wp\/v2\/users\/3"}],"replies":[{"embeddable":true,"href":"http:\/\/csapokert.gorogkatolikus.hu\/index.php?rest_route=%2Fwp%2Fv2%2Fcomments&post=4992"}],"version-history":[{"count":4,"href":"http:\/\/csapokert.gorogkatolikus.hu\/index.php?rest_route=\/wp\/v2\/posts\/4992\/revisions"}],"predecessor-version":[{"id":5064,"href":"http:\/\/csapokert.gorogkatolikus.hu\/index.php?rest_route=\/wp\/v2\/posts\/4992\/revisions\/5064"}],"wp:attachment":[{"href":"http:\/\/csapokert.gorogkatolikus.hu\/index.php?rest_route=%2Fwp%2Fv2%2Fmedia&parent=4992"}],"wp:term":[{"taxonomy":"category","embeddable":true,"href":"http:\/\/csapokert.gorogkatolikus.hu\/index.php?rest_route=%2Fwp%2Fv2%2Fcategories&post=4992"},{"taxonomy":"post_tag","embeddable":true,"href":"http:\/\/csapokert.gorogkatolikus.hu\/index.php?rest_route=%2Fwp%2Fv2%2Ftags&post=4992"}],"curies":[{"name":"wp","href":"https:\/\/api.w.org\/{rel}","templated":true}]}}