{"id":5007,"date":"2021-09-20T07:04:08","date_gmt":"2021-09-20T07:04:08","guid":{"rendered":"http:\/\/csapokert.gorogkatolikus.hu\/?p=5007"},"modified":"2021-12-06T19:59:44","modified_gmt":"2021-12-06T19:59:44","slug":"egy-alom-beteljesulese-avagy-a-nemzetkozi-eucharisztikus-kongresszus-zaromisejere-zarandokoltunk","status":"publish","type":"post","link":"http:\/\/csapokert.gorogkatolikus.hu\/?p=5007","title":{"rendered":"Egy \u00e1lom beteljes\u00fcl\u00e9se, avagy a Nemzetk\u00f6zi Eucharisztikus Kongresszus z\u00e1r\u00f3mis\u00e9j\u00e9re zar\u00e1ndokoltunk"},"content":{"rendered":"<p>&nbsp;<\/p>\n<p>&nbsp;<\/p>\n<p>Az 52.Eucharisztikus Kongresszus z\u00e1r\u00f3 szentmis\u00e9j\u00e9re l\u00e1togattunk el Szarka Gergely par\u00f3kus atya szervez\u00e9s\u00e9ben. A vonatos<a href=\"http:\/\/csapokert.gorogkatolikus.hu\/wp-content\/uploads\/2021\/09\/IMG-5869.jpg\"><img decoding=\"async\" loading=\"lazy\" class=\"wp-image-5008 alignright\" src=\"http:\/\/csapokert.gorogkatolikus.hu\/wp-content\/uploads\/2021\/09\/IMG-5869.jpg\" alt=\"\" width=\"196\" height=\"147\" srcset=\"http:\/\/csapokert.gorogkatolikus.hu\/wp-content\/uploads\/2021\/09\/IMG-5869.jpg 800w, http:\/\/csapokert.gorogkatolikus.hu\/wp-content\/uploads\/2021\/09\/IMG-5869-300x225.jpg 300w, http:\/\/csapokert.gorogkatolikus.hu\/wp-content\/uploads\/2021\/09\/IMG-5869-768x576.jpg 768w, http:\/\/csapokert.gorogkatolikus.hu\/wp-content\/uploads\/2021\/09\/IMG-5869-634x476.jpg 634w\" sizes=\"(max-width: 196px) 100vw, 196px\" \/><\/a> zar\u00e1ndoklaton r\u00e9szt vettek a Hajd\u00fadorogi F\u0151egyh\u00e1zmegye mellett a Ny\u00edregyh\u00e1zi \u00e9s a Miskolci Egyh\u00e1zmegye f\u0151tisztelend\u0151 aty\u00e1i \u00e9s el\u00f6lj\u00e1r\u00f3i is.<\/p>\n<p>&nbsp;<\/p>\n<p>&nbsp;<\/p>\n<p><!--more--><\/p>\n<p>Utaz\u00e1s k\u00f6zben Kocsis F\u00fcl\u00f6p \u00e9rsek-metropolita atya vezet\u00e9s\u00e9vel Parakliszt \u00e9s Utreny\u00e9t v\u00e9gezt\u00fcnk. Lehet\u0151s\u00e9g ny\u00edlt arra is, hogy a h\u00edvek m\u00e9lt\u00f3 m\u00f3don, megtisztult l\u00e9lekel k\u00e9sz\u00fclhessenek fel az Olt\u00e1riszents\u00e9ggel val\u00f3 tal\u00e1lkoz\u00e1sra szentgy\u00f3n\u00e1suk elv\u00e9gz\u00e9s\u00e9t k\u00f6vet\u0151en.<\/p>\n<p>Nagy v\u00e1rakoz\u00e1s el\u0151zte meg Ferenc p\u00e1pa magyarorsz\u00e1gi l\u00e1togat\u00e1s\u00e1t, a Szenth\u00e1roms\u00e1g kegyelm\u00e9b\u0151l kifoly\u00f3lag a Metrop\u00f3lia is r\u00e9szese lehetett ennek a sz\u00edvet melenget\u0151 \u00e9lm\u00e9nynek, &#8211; amire igaz\u00e1n b\u00fcszk\u00e9k vagyunk -, hiszen 25 \u00e9vet kellett v\u00e1rni erre a nagy horderej\u0171, t\u00f6rt\u00e9nelmi pillanatra. Akkor ugyanis II. J\u00e1nos P\u00e1l p\u00e1pa tette tisztelet\u00e9t haz\u00e1nkban, \u00e9rdekess\u00e9g, hogy akkor ugyan\u00fagy a budapesti H\u0151s\u00f6k ter\u00e9n mutatott be szentmis\u00e9t a jelenleg regn\u00e1l\u00f3 Szentaty\u00e1hoz hasonl\u00f3an.<\/p>\n<p>A H\u0151s\u00f6k tere gyakorlatilag m\u00e1r a kora reggeli \u00f3r\u00e1kban megtelt, zar\u00e1ndokok garmad\u00e1ja \u00e9rkezett meg az \u00fcnnep\u00e9lyes alkalomra. Felemel\u0151 \u00e9rz\u00e9s volt l\u00e1tni, ahogy szerzetesek, papok, id\u0151s \u00e9s fiatalemberek egy\u00fctt menetelnek v\u00e9gtelen t\u00fcrelemmel, fegyelemmel, a megfelel\u0151 odafigyel\u00e9ssel \u00e9s al\u00e1zattal. Mindegyik\u0151j\u00fckben megfogalmaz\u00f3dott a k\u00f6z\u00f6s szent c\u00e9l: tal\u00e1lkozni Krisztus f\u00f6ldi helytart\u00f3j\u00e1val \u00e9s mag\u00e1val, az Euchariszti\u00e1val, ami a Szentl\u00e9lek egyes\u00edt\u0151 erej\u00e9nek k\u00f6sz\u00f6nhet\u0151en val\u00f3s\u00e1gg\u00e1 is v\u00e1lt.<\/p>\n<p>Megk\u00f6zel\u00edt\u0151leg 200.000 h\u00edv\u0151 l\u00e1thatta testk\u00f6zelb\u0151l a Szentaty\u00e1t, aki a p\u00e1pamobilr\u00f3l \u00e1ldotta meg a csecsem\u0151ket, kifejezve ez\u00e1ltal, hogy a legkisebbek k\u00f6z\u00f6tt\u00fcnk a legnagyobbak.<\/p>\n<p>A p\u00e1pai szentmis\u00e9t a magyar k\u00f6zjogi m\u00e9lt\u00f3s\u00e1gok is megtisztelt\u00e9k jelenl\u00e9t\u00fckkel, a szent liturgi\u00e1t Orb\u00e1n Viktor minisztereln\u00f6k, \u00c1der J\u00e1nos k\u00f6zt\u00e1rsas\u00e1gi eln\u00f6k, Semj\u00e9n Zsolt minisztereln\u00f6k-helyettes \u00e9s K\u00f6v\u00e9r L\u00e1szl\u00f3 h\u00e1zeln\u00f6k is v\u00e9gighallgatta.<\/p>\n<p>Az \u00dar asztal\u00e1n\u00e1l Erd\u0151 P\u00e9ter b\u00edboros mondott k\u00f6sz\u00f6netet Ferenc p\u00e1p\u00e1nak, hogy elfogadta megh\u00edv\u00e1s\u00e1t, majd eml\u00e9keztetett arra benn\u00fcnket, hogy az eucharisztikus \u00fcnnep l\u00e1that\u00f3 form\u00e1ban is megjelen\u00edti \u00e9s kifejezi egys\u00e9g\u00fcnket Krisztus k\u00f6r\u00fcl. Emellett kiemelte azt is, hogy a szeretetszolg\u00e1lat \u00e1ltal akar eljutni Krisztus a szeg\u00e9nyekhez \u00e9s egy\u00e9b r\u00e1szorul\u00f3khoz is.<\/p>\n<p>Szem\u00e9lyes tan\u00fas\u00e1gt\u00e9telek is sz\u00ednes\u00edtett\u00e9k a programot, a magyar h\u00edress\u00e9gek k\u00f6z\u00fcl t\u00f6bbek k\u00f6z\u00f6tt Pindroch Csaba \u00e9s Kubik Anna sz\u00ednm\u0171v\u00e9szek vallott\u00e1k meg hit\u00fcket a magyar kereszt\u00e9ny k\u00f6z\u00f6ss\u00e9gek el\u0151tt.<\/p>\n<p>Ferenc p\u00e1pa hom\u00edli\u00e1j\u00e1ban kiemelte, hogy a mi k\u00f6z\u00f6ss\u00e9geinknek is P\u00e9ter \u00fatj\u00e1n kell haladni, hogy ne csak Krisztus csod\u00e1l\u00f3i, hanem k\u00f6vet\u0151i is legy\u00fcnk egy\u00fattal. Figyelmeztetett arra is, hogy az \u00fcnnepek csak akkor lesznek igaz\u00e1n \u00e9rt\u00e9kesek, ha a h\u00e9tk\u00f6znapi \u00e9let\u00fcnkben is keress\u00fck a tiszta t\u00e1pl\u00e1l\u00e9kot \u00e9s az \u201e\u00e9l\u0151 forr\u00e1st.\u201d<\/p>\n<p>Szentaty\u00e1nk a k\u00f6vetkez\u0151 mondattal kedveskedett nemzet\u00fcnk el\u0151tt a szentmise v\u00e9g\u00e9n: \u201e<em>Im\u00e1dkozzuk el az \u00darangyala im\u00e1ds\u00e1got azon a napon, amikor Sz\u0171z M\u00e1ria nev\u00e9t \u00fcnnepelj\u00fck. R\u00e9gen ti, magyarok tiszteletb\u0151l nem mondt\u00e1tok ki M\u00e1ria nev\u00e9t, hanem \u00fagy sz\u00f3l\u00edtott\u00e1tok meg, mint a kir\u00e1lyn\u00e9t. A \u201eBoldogasszony, r\u00e9gi nagy p\u00e1tr\u00f3n\u00e1tok\u201d k\u00eds\u00e9rjen \u00e9s \u00e1ldjon meg benneteket! \u00c1ld\u00e1som innen, ebb\u0151l a nagy v\u00e1rosb\u00f3l szeretne mindenkit el\u00e9rni, f\u0151k\u00e9nt a gyermekeket \u00e9s a fiatalokat, az id\u0151seket \u00e9s a betegeket, a szeg\u00e9nyeket \u00e9s a kirekesztetteket. Veletek \u00e9s \u00e9rtetek mondom: Isten \u00e1ldd meg a magyart!\u201d<\/em><\/p>\n<p>Joggal \u00e9rezhett\u00fck teh\u00e1t, hogy a magyars\u00e1g \u00e9s a kereszt\u00e9nys\u00e9g \u00f6sszetartozik.<\/p>\n<p>Ez a jeles esem\u00e9ny kiv\u00e1l\u00f3 rekl\u00e1mja volt az \u00f6kumenikus kereszt\u00e9ny k\u00f6z\u00f6ss\u00e9gek \u00f6sszetartoz\u00e1s\u00e1nak is, hiszen ne feledj\u00fck:<\/p>\n<p>\u201eMi egy v\u00e9rb\u0151l val\u00f3k vagyunk!\u201d<\/p>\n<p>Dics\u0151s\u00e9g J\u00e9zus Krisztusnak!<\/p>\n<p>Borza Vajk, zar\u00e1ndok<\/p>\n","protected":false},"excerpt":{"rendered":"<p>&nbsp; &nbsp; Az 52.Eucharisztikus Kongresszus z\u00e1r\u00f3 szentmis\u00e9j\u00e9re l\u00e1togattunk el Szarka Gergely par\u00f3kus atya szervez\u00e9s\u00e9ben. A vonatos zar\u00e1ndoklaton r\u00e9szt vettek a Hajd\u00fadorogi F\u0151egyh\u00e1zmegye mellett a Ny\u00edregyh\u00e1zi \u00e9s a Miskolci Egyh\u00e1zmegye f\u0151tisztelend\u0151 aty\u00e1i \u00e9s el\u00f6lj\u00e1r\u00f3i is. &nbsp; &nbsp;<\/p>\n","protected":false},"author":3,"featured_media":0,"comment_status":"closed","ping_status":"closed","sticky":false,"template":"","format":"standard","meta":{"ngg_post_thumbnail":0},"categories":[1],"tags":[],"_links":{"self":[{"href":"http:\/\/csapokert.gorogkatolikus.hu\/index.php?rest_route=\/wp\/v2\/posts\/5007"}],"collection":[{"href":"http:\/\/csapokert.gorogkatolikus.hu\/index.php?rest_route=\/wp\/v2\/posts"}],"about":[{"href":"http:\/\/csapokert.gorogkatolikus.hu\/index.php?rest_route=\/wp\/v2\/types\/post"}],"author":[{"embeddable":true,"href":"http:\/\/csapokert.gorogkatolikus.hu\/index.php?rest_route=\/wp\/v2\/users\/3"}],"replies":[{"embeddable":true,"href":"http:\/\/csapokert.gorogkatolikus.hu\/index.php?rest_route=%2Fwp%2Fv2%2Fcomments&post=5007"}],"version-history":[{"count":2,"href":"http:\/\/csapokert.gorogkatolikus.hu\/index.php?rest_route=\/wp\/v2\/posts\/5007\/revisions"}],"predecessor-version":[{"id":5060,"href":"http:\/\/csapokert.gorogkatolikus.hu\/index.php?rest_route=\/wp\/v2\/posts\/5007\/revisions\/5060"}],"wp:attachment":[{"href":"http:\/\/csapokert.gorogkatolikus.hu\/index.php?rest_route=%2Fwp%2Fv2%2Fmedia&parent=5007"}],"wp:term":[{"taxonomy":"category","embeddable":true,"href":"http:\/\/csapokert.gorogkatolikus.hu\/index.php?rest_route=%2Fwp%2Fv2%2Fcategories&post=5007"},{"taxonomy":"post_tag","embeddable":true,"href":"http:\/\/csapokert.gorogkatolikus.hu\/index.php?rest_route=%2Fwp%2Fv2%2Ftags&post=5007"}],"curies":[{"name":"wp","href":"https:\/\/api.w.org\/{rel}","templated":true}]}}