{"id":5011,"date":"2021-11-06T09:06:43","date_gmt":"2021-11-06T09:06:43","guid":{"rendered":"http:\/\/csapokert.gorogkatolikus.hu\/?p=5011"},"modified":"2021-12-06T20:01:13","modified_gmt":"2021-12-06T20:01:13","slug":"mozaikszenteles-es-szubdiakonus-avatas","status":"publish","type":"post","link":"http:\/\/csapokert.gorogkatolikus.hu\/?p=5011","title":{"rendered":"Mozaikszentel\u00e9s \u00e9s szubdiakonus avat\u00e1s"},"content":{"rendered":"<p><strong>&#8222;Kis b\u00facs\u00fat&#8221; tartott Debrecenben a csap\u00f3kerti egyh\u00e1zk\u00f6zs\u00e9g okt\u00f3ber 31-\u00e9n. Ezen a k\u00e9s\u0151i \u0151szi napon ugyanis kett\u0151s \u00fcnnepet \u00fcltek a h\u00edvek.<\/strong><\/p>\n<p><img decoding=\"async\" loading=\"lazy\" class=\"alignleft wp-image-5012\" src=\"http:\/\/csapokert.gorogkatolikus.hu\/wp-content\/uploads\/2021\/11\/D4M_5305.jpg\" alt=\"\" width=\"467\" height=\"311\" srcset=\"http:\/\/csapokert.gorogkatolikus.hu\/wp-content\/uploads\/2021\/11\/D4M_5305.jpg 4241w, http:\/\/csapokert.gorogkatolikus.hu\/wp-content\/uploads\/2021\/11\/D4M_5305-300x200.jpg 300w, http:\/\/csapokert.gorogkatolikus.hu\/wp-content\/uploads\/2021\/11\/D4M_5305-768x511.jpg 768w, http:\/\/csapokert.gorogkatolikus.hu\/wp-content\/uploads\/2021\/11\/D4M_5305-1024x682.jpg 1024w, http:\/\/csapokert.gorogkatolikus.hu\/wp-content\/uploads\/2021\/11\/D4M_5305-634x422.jpg 634w, http:\/\/csapokert.gorogkatolikus.hu\/wp-content\/uploads\/2021\/11\/D4M_5305-924x615.jpg 924w\" sizes=\"(max-width: 467px) 100vw, 467px\" \/><\/p>\n<p>Hossz\u00fa el\u0151k\u00e9sz\u00fclet \u00e9s v\u00e1rakoz\u00e1si id\u0151szak ut\u00e1n elk\u00e9sz\u00fclt Monostory Vikt\u00f3ria fest\u0151m\u0171v\u00e9sz alkot\u00e1sa a templom el\u0151tti k\u00e9t oszlopon: Szent P\u00e9ter \u00e9s Szent P\u00e1l mozaikjai. A k\u00e9t f\u0151apostolra az\u00e9rt esett a k\u00f6z\u00f6ss\u00e9g v\u00e1laszt\u00e1sa, mert a templom is az \u0151 eml\u00e9k\u00fcket \u0151rzi.<\/p>\n<p>Az \u00fcnnep\u00a0m\u00e1sik pill\u00e9r\u00e9t szint\u00e9n egy hosszabb el\u0151k\u00e9sz\u00fclet \u00e9s v\u00e1rakoz\u00e1si id\u0151szak el\u0151zte meg. Gedeon Tam\u00e1st az egyh\u00e1zk\u00f6zs\u00e9g k\u00e1ntor-felolvas\u00f3j\u00e1t avatta alszerpapp\u00e1 F\u00fcl\u00f6p \u00e9rsek-metropolita atya.<\/p>\n<p>&nbsp;<\/p>\n<p>&nbsp;<\/p>\n<p><!--more--><\/p>\n<p>A k\u00e9sz\u00fcletre val\u00f3 tekintettel a megszokottn\u00e1l k\u00e9s\u0151bb kezd\u0151dtek a szertart\u00e1sok lehet\u0151s\u00e9get adva \u00edgy mindenkinek, hogy r\u00e9szese lehessen a sz\u00e9p \u00fcnneps\u00e9gnek. A reggeli istentiszteletet m\u00e1r \u00e9rsek atya vezette. Az utrenye k\u00fcl\u00f6nlegess\u00e9ge volt, hogy a k\u00e1ntori szolg\u00e1latba beseg\u00edtett Nyalka Mikl\u00f3s tanulm\u00e1nyv\u00e9gzett papn\u00f6vend\u00e9k, a k\u00e1ntor j\u00f3 bar\u00e1tja, ez\u00e1ltal t\u00e9ve m\u00e9g bens\u0151s\u00e9gesebb\u00e9 a szertart\u00e1st.<\/p>\n<p><img decoding=\"async\" loading=\"lazy\" class=\"alignleft wp-image-5013\" style=\"font-size: 13px;\" src=\"http:\/\/csapokert.gorogkatolikus.hu\/wp-content\/uploads\/2021\/11\/D4M_5192.jpg\" alt=\"\" width=\"533\" height=\"355\" srcset=\"http:\/\/csapokert.gorogkatolikus.hu\/wp-content\/uploads\/2021\/11\/D4M_5192.jpg 4928w, http:\/\/csapokert.gorogkatolikus.hu\/wp-content\/uploads\/2021\/11\/D4M_5192-300x200.jpg 300w, http:\/\/csapokert.gorogkatolikus.hu\/wp-content\/uploads\/2021\/11\/D4M_5192-768x511.jpg 768w, http:\/\/csapokert.gorogkatolikus.hu\/wp-content\/uploads\/2021\/11\/D4M_5192-1024x682.jpg 1024w, http:\/\/csapokert.gorogkatolikus.hu\/wp-content\/uploads\/2021\/11\/D4M_5192-634x422.jpg 634w, http:\/\/csapokert.gorogkatolikus.hu\/wp-content\/uploads\/2021\/11\/D4M_5192-924x615.jpg 924w\" sizes=\"(max-width: 533px) 100vw, 533px\" \/><\/p>\n<p>Miut\u00e1n a nagy dics\u0151\u00edt\u00e9s bezengte a csap\u00f3kerti templomot F\u00fcl\u00f6p metropolita atya elv\u00e9gezte az avat\u00e1si szertart\u00e1st, amely keretein bel\u00fcl a frissen avatott alszerpap \u00f6lt\u00f6z\u00e9kk\u00e9nt sztich\u00e1rt (hossz\u00fa, d\u00edszes ruha) kapott valamint felhatalmaz\u00e1st az or\u00e1rion (szalagszer\u0171 ruhadarab) visel\u00e9s\u00e9re, amit a diak\u00f3nust\u00f3l elt\u00e9r\u0151 m\u00f3don sz\u00fcks\u00e9ges hordania. Az alszerpapi szolg\u00e1lat \u00e1tmenet a felolvas\u00f3i rend \u00e9s a diakon\u00e1tus k\u00f6z\u00f6tt. Az alszerpap a p\u00fcsp\u00f6k k\u00f6r\u00fcli szolg\u00e1lattev\u0151: ha a f\u0151pap a szent\u00e9lyen k\u00edv\u00fcl tart\u00f3zkodik, \u0151k k\u00f6r\u00fcl\u00f6tte tev\u00e9kenykednek. Erre mutatott r\u00e1 az avat\u00e1s is, amikor a k\u00e9zmos\u00e1s szertart\u00e1s\u00e1t helyezte el\u00e9nk.<\/p>\n<p>Az \u00e9rseki Szent Liturgi\u00e1n a friss alszerpap m\u00e1r a n\u00e9pes asszisztencia r\u00e9szek\u00e9nt v\u00e9gzett szolg\u00e1latot. A Liturgi\u00e1n megeml\u00e9kezt\u00fcnk Boldog Romzsa T\u00f3dor p\u00fcsp\u00f6k v\u00e9rtan\u00far\u00f3l is, \u00edgy t\u00e9ve teljess\u00e9 az \u00fcnnepet.<\/p>\n<p>A Szent Liturgia \u00e1ld\u00e1sa ut\u00e1n a paps\u00e1g az asszisztenci\u00e1val \u00e9s a n\u00e9pes h\u00edv\u0151sereggel a templom el\u00e9 vonult, ahol megszentelte \u00e9s meg\u00e1ldotta \u00e9rsek-metropolita atya Szent P\u00e9ter \u00e9s Szent P\u00e1l mozaikj\u00e1t.<\/p>\n<p>Szarka Gergely par\u00f3kus atya egy Szentf\u00f6ldi zar\u00e1ndoklat eml\u00e9k\u00e9t eleven\u00edtette fel, amikor egy csod\u00e1latos mozaikot l\u00e1tva azt a sugallatot \u00e9rezte, hogy a templom k\u00e9t v\u00e9d\u0151szentj\u00e9nek ilyen form\u00e1ban kell eml\u00e9ket \u00e1ll\u00edtania. Szerencs\u00e9re a Szentl\u00e9lek nem csak a v\u00e1gyat \u00e9bresztette fel a k\u00e9t mozaik ir\u00e1nt a sz\u00edvekben, \u00e9s nem csak m\u0171v\u00e9szi k\u00e9pzel\u0151er\u0151t \u00e9s tehets\u00e9get adott a kivitelez\u00e9shez,<\/p>\n<p>hanem egy nagylelk\u0171 adom\u00e1nyoz\u00f3t is, aki azonnal v\u00e1llalta a kivitelez\u00e9s \u00f6sszes k\u00f6lts\u00e9g\u00e9t. Ez\u00faton is h\u00e1l\u00e1v<a href=\"http:\/\/csapokert.gorogkatolikus.hu\/wp-content\/uploads\/2021\/11\/D4M_5315.jpg\"><img decoding=\"async\" loading=\"lazy\" class=\"alignleft wp-image-5014\" src=\"http:\/\/csapokert.gorogkatolikus.hu\/wp-content\/uploads\/2021\/11\/D4M_5315.jpg\" alt=\"\" width=\"535\" height=\"356\" srcset=\"http:\/\/csapokert.gorogkatolikus.hu\/wp-content\/uploads\/2021\/11\/D4M_5315.jpg 4737w, http:\/\/csapokert.gorogkatolikus.hu\/wp-content\/uploads\/2021\/11\/D4M_5315-300x200.jpg 300w, http:\/\/csapokert.gorogkatolikus.hu\/wp-content\/uploads\/2021\/11\/D4M_5315-768x511.jpg 768w, http:\/\/csapokert.gorogkatolikus.hu\/wp-content\/uploads\/2021\/11\/D4M_5315-1024x682.jpg 1024w, http:\/\/csapokert.gorogkatolikus.hu\/wp-content\/uploads\/2021\/11\/D4M_5315-634x422.jpg 634w, http:\/\/csapokert.gorogkatolikus.hu\/wp-content\/uploads\/2021\/11\/D4M_5315-924x615.jpg 924w\" sizes=\"(max-width: 535px) 100vw, 535px\" \/><\/a>al eml\u00e9kez\u00fcnk mindny\u00e1jukra, akik k\u00f6z\u00f6s er\u0151fesz\u00edt\u00e9sei n\u00e9lk\u00fcl nem d\u00edsz\u00edthetn\u00e9 templomunk bej\u00e1rat\u00e1nak tart\u00f3oszlopait a k\u00e9t gy\u00f6ny\u00f6r\u0171 m\u0171alkot\u00e1s, s nem hirdetn\u00e9 az \u201eEgyh\u00e1z oszlopainak\u201d is h\u00edvott apostolfejedelmek h\u0151siess\u00e9g\u00e9t \u00e9s istenszeretet\u00e9t az id\u0151k v\u00e9gezet\u00e9ig.<\/p>\n<p>A lelki felt\u00f6lt\u0151d\u00e9s ut\u00e1n a testi felt\u00f6lt\u0151d\u00e9s sem maradt el: a templom udvar\u00e1n \u00e9s a k\u00f6z\u00f6ss\u00e9gi h\u00e1zban szeretetagap\u00e9 volt, amit a j\u00f3 Isten sz\u00e9p id\u0151vel \u00e1ldott meg.<\/p>\n","protected":false},"excerpt":{"rendered":"<p>&#8222;Kis b\u00facs\u00fat&#8221; tartott Debrecenben a csap\u00f3kerti egyh\u00e1zk\u00f6zs\u00e9g okt\u00f3ber 31-\u00e9n. Ezen a k\u00e9s\u0151i \u0151szi napon ugyanis kett\u0151s \u00fcnnepet \u00fcltek a h\u00edvek. Hossz\u00fa el\u0151k\u00e9sz\u00fclet \u00e9s v\u00e1rakoz\u00e1si id\u0151szak ut\u00e1n elk\u00e9sz\u00fclt Monostory Vikt\u00f3ria fest\u0151m\u0171v\u00e9sz alkot\u00e1sa a templom el\u0151tti k\u00e9t oszlopon: Szent P\u00e9ter \u00e9s Szent P\u00e1l mozaikjai. A k\u00e9t f\u0151apostolra az\u00e9rt esett a k\u00f6z\u00f6ss\u00e9g v\u00e1laszt\u00e1sa, mert a templom is az [&hellip;]<\/p>\n","protected":false},"author":3,"featured_media":0,"comment_status":"closed","ping_status":"closed","sticky":false,"template":"","format":"standard","meta":{"ngg_post_thumbnail":0},"categories":[1],"tags":[],"_links":{"self":[{"href":"http:\/\/csapokert.gorogkatolikus.hu\/index.php?rest_route=\/wp\/v2\/posts\/5011"}],"collection":[{"href":"http:\/\/csapokert.gorogkatolikus.hu\/index.php?rest_route=\/wp\/v2\/posts"}],"about":[{"href":"http:\/\/csapokert.gorogkatolikus.hu\/index.php?rest_route=\/wp\/v2\/types\/post"}],"author":[{"embeddable":true,"href":"http:\/\/csapokert.gorogkatolikus.hu\/index.php?rest_route=\/wp\/v2\/users\/3"}],"replies":[{"embeddable":true,"href":"http:\/\/csapokert.gorogkatolikus.hu\/index.php?rest_route=%2Fwp%2Fv2%2Fcomments&post=5011"}],"version-history":[{"count":2,"href":"http:\/\/csapokert.gorogkatolikus.hu\/index.php?rest_route=\/wp\/v2\/posts\/5011\/revisions"}],"predecessor-version":[{"id":5061,"href":"http:\/\/csapokert.gorogkatolikus.hu\/index.php?rest_route=\/wp\/v2\/posts\/5011\/revisions\/5061"}],"wp:attachment":[{"href":"http:\/\/csapokert.gorogkatolikus.hu\/index.php?rest_route=%2Fwp%2Fv2%2Fmedia&parent=5011"}],"wp:term":[{"taxonomy":"category","embeddable":true,"href":"http:\/\/csapokert.gorogkatolikus.hu\/index.php?rest_route=%2Fwp%2Fv2%2Fcategories&post=5011"},{"taxonomy":"post_tag","embeddable":true,"href":"http:\/\/csapokert.gorogkatolikus.hu\/index.php?rest_route=%2Fwp%2Fv2%2Ftags&post=5011"}],"curies":[{"name":"wp","href":"https:\/\/api.w.org\/{rel}","templated":true}]}}