{"id":5033,"date":"2021-11-27T20:46:03","date_gmt":"2021-11-27T20:46:03","guid":{"rendered":"http:\/\/csapokert.gorogkatolikus.hu\/?p=5033"},"modified":"2021-11-27T20:46:03","modified_gmt":"2021-11-27T20:46:03","slug":"masodik-gyertyagyujtas-a-lelki-adventi-koszorunkon","status":"publish","type":"post","link":"http:\/\/csapokert.gorogkatolikus.hu\/?p=5033","title":{"rendered":"M\u00e1sodik gyertyagy\u00fajt\u00e1s a lelki adventi koszor\u00fankon"},"content":{"rendered":"<p><a href=\"http:\/\/csapokert.gorogkatolikus.hu\/wp-content\/uploads\/2021\/11\/Gyertyagy\u00fajt\u00e1s-Advent-m\u00e1sodik-vas\u00e1rnapja-page-001.jpg\"><img decoding=\"async\" loading=\"lazy\" class=\"alignleft size-full wp-image-5034\" src=\"http:\/\/csapokert.gorogkatolikus.hu\/wp-content\/uploads\/2021\/11\/Gyertyagy\u00fajt\u00e1s-Advent-m\u00e1sodik-vas\u00e1rnapja-page-001.jpg\" alt=\"\" width=\"2481\" height=\"3508\" srcset=\"http:\/\/csapokert.gorogkatolikus.hu\/wp-content\/uploads\/2021\/11\/Gyertyagy\u00fajt\u00e1s-Advent-m\u00e1sodik-vas\u00e1rnapja-page-001.jpg 2481w, http:\/\/csapokert.gorogkatolikus.hu\/wp-content\/uploads\/2021\/11\/Gyertyagy\u00fajt\u00e1s-Advent-m\u00e1sodik-vas\u00e1rnapja-page-001-212x300.jpg 212w, http:\/\/csapokert.gorogkatolikus.hu\/wp-content\/uploads\/2021\/11\/Gyertyagy\u00fajt\u00e1s-Advent-m\u00e1sodik-vas\u00e1rnapja-page-001-768x1086.jpg 768w, http:\/\/csapokert.gorogkatolikus.hu\/wp-content\/uploads\/2021\/11\/Gyertyagy\u00fajt\u00e1s-Advent-m\u00e1sodik-vas\u00e1rnapja-page-001-724x1024.jpg 724w, http:\/\/csapokert.gorogkatolikus.hu\/wp-content\/uploads\/2021\/11\/Gyertyagy\u00fajt\u00e1s-Advent-m\u00e1sodik-vas\u00e1rnapja-page-001-634x896.jpg 634w, http:\/\/csapokert.gorogkatolikus.hu\/wp-content\/uploads\/2021\/11\/Gyertyagy\u00fajt\u00e1s-Advent-m\u00e1sodik-vas\u00e1rnapja-page-001-924x1306.jpg 924w\" sizes=\"(max-width: 2481px) 100vw, 2481px\" \/><\/a><\/p>\n","protected":false},"excerpt":{"rendered":"","protected":false},"author":3,"featured_media":0,"comment_status":"closed","ping_status":"closed","sticky":false,"template":"","format":"standard","meta":{"ngg_post_thumbnail":0},"categories":[1],"tags":[],"_links":{"self":[{"href":"http:\/\/csapokert.gorogkatolikus.hu\/index.php?rest_route=\/wp\/v2\/posts\/5033"}],"collection":[{"href":"http:\/\/csapokert.gorogkatolikus.hu\/index.php?rest_route=\/wp\/v2\/posts"}],"about":[{"href":"http:\/\/csapokert.gorogkatolikus.hu\/index.php?rest_route=\/wp\/v2\/types\/post"}],"author":[{"embeddable":true,"href":"http:\/\/csapokert.gorogkatolikus.hu\/index.php?rest_route=\/wp\/v2\/users\/3"}],"replies":[{"embeddable":true,"href":"http:\/\/csapokert.gorogkatolikus.hu\/index.php?rest_route=%2Fwp%2Fv2%2Fcomments&post=5033"}],"version-history":[{"count":1,"href":"http:\/\/csapokert.gorogkatolikus.hu\/index.php?rest_route=\/wp\/v2\/posts\/5033\/revisions"}],"predecessor-version":[{"id":5035,"href":"http:\/\/csapokert.gorogkatolikus.hu\/index.php?rest_route=\/wp\/v2\/posts\/5033\/revisions\/5035"}],"wp:attachment":[{"href":"http:\/\/csapokert.gorogkatolikus.hu\/index.php?rest_route=%2Fwp%2Fv2%2Fmedia&parent=5033"}],"wp:term":[{"taxonomy":"category","embeddable":true,"href":"http:\/\/csapokert.gorogkatolikus.hu\/index.php?rest_route=%2Fwp%2Fv2%2Fcategories&post=5033"},{"taxonomy":"post_tag","embeddable":true,"href":"http:\/\/csapokert.gorogkatolikus.hu\/index.php?rest_route=%2Fwp%2Fv2%2Ftags&post=5033"}],"curies":[{"name":"wp","href":"https:\/\/api.w.org\/{rel}","templated":true}]}}