{"id":5038,"date":"2021-11-28T19:35:04","date_gmt":"2021-11-28T19:35:04","guid":{"rendered":"http:\/\/csapokert.gorogkatolikus.hu\/?p=5038"},"modified":"2021-11-28T19:45:44","modified_gmt":"2021-11-28T19:45:44","slug":"harmadik-gyertyagyujtas-a-lelki-adventi-koszorunkon","status":"publish","type":"post","link":"http:\/\/csapokert.gorogkatolikus.hu\/?p=5038","title":{"rendered":"Harmadik gyertyagy\u00fajt\u00e1s a lelki adventi koszor\u00fankon"},"content":{"rendered":"<p><a href=\"http:\/\/csapokert.gorogkatolikus.hu\/wp-content\/uploads\/2021\/11\/Harmadik-gyertyal\u00e1ng-meggy\u00fajt\u00e1sa_page-00011.jpg\"><img decoding=\"async\" loading=\"lazy\" class=\"alignleft size-full wp-image-5041\" src=\"http:\/\/csapokert.gorogkatolikus.hu\/wp-content\/uploads\/2021\/11\/Harmadik-gyertyal\u00e1ng-meggy\u00fajt\u00e1sa_page-00011.jpg\" alt=\"\" width=\"1241\" height=\"1755\" srcset=\"http:\/\/csapokert.gorogkatolikus.hu\/wp-content\/uploads\/2021\/11\/Harmadik-gyertyal\u00e1ng-meggy\u00fajt\u00e1sa_page-00011.jpg 1241w, http:\/\/csapokert.gorogkatolikus.hu\/wp-content\/uploads\/2021\/11\/Harmadik-gyertyal\u00e1ng-meggy\u00fajt\u00e1sa_page-00011-212x300.jpg 212w, http:\/\/csapokert.gorogkatolikus.hu\/wp-content\/uploads\/2021\/11\/Harmadik-gyertyal\u00e1ng-meggy\u00fajt\u00e1sa_page-00011-768x1086.jpg 768w, http:\/\/csapokert.gorogkatolikus.hu\/wp-content\/uploads\/2021\/11\/Harmadik-gyertyal\u00e1ng-meggy\u00fajt\u00e1sa_page-00011-724x1024.jpg 724w, http:\/\/csapokert.gorogkatolikus.hu\/wp-content\/uploads\/2021\/11\/Harmadik-gyertyal\u00e1ng-meggy\u00fajt\u00e1sa_page-00011-634x897.jpg 634w, http:\/\/csapokert.gorogkatolikus.hu\/wp-content\/uploads\/2021\/11\/Harmadik-gyertyal\u00e1ng-meggy\u00fajt\u00e1sa_page-00011-924x1307.jpg 924w\" sizes=\"(max-width: 1241px) 100vw, 1241px\" \/><\/a><\/p>\n","protected":false},"excerpt":{"rendered":"","protected":false},"author":3,"featured_media":0,"comment_status":"closed","ping_status":"closed","sticky":false,"template":"","format":"standard","meta":{"ngg_post_thumbnail":0},"categories":[1],"tags":[],"_links":{"self":[{"href":"http:\/\/csapokert.gorogkatolikus.hu\/index.php?rest_route=\/wp\/v2\/posts\/5038"}],"collection":[{"href":"http:\/\/csapokert.gorogkatolikus.hu\/index.php?rest_route=\/wp\/v2\/posts"}],"about":[{"href":"http:\/\/csapokert.gorogkatolikus.hu\/index.php?rest_route=\/wp\/v2\/types\/post"}],"author":[{"embeddable":true,"href":"http:\/\/csapokert.gorogkatolikus.hu\/index.php?rest_route=\/wp\/v2\/users\/3"}],"replies":[{"embeddable":true,"href":"http:\/\/csapokert.gorogkatolikus.hu\/index.php?rest_route=%2Fwp%2Fv2%2Fcomments&post=5038"}],"version-history":[{"count":3,"href":"http:\/\/csapokert.gorogkatolikus.hu\/index.php?rest_route=\/wp\/v2\/posts\/5038\/revisions"}],"predecessor-version":[{"id":5043,"href":"http:\/\/csapokert.gorogkatolikus.hu\/index.php?rest_route=\/wp\/v2\/posts\/5038\/revisions\/5043"}],"wp:attachment":[{"href":"http:\/\/csapokert.gorogkatolikus.hu\/index.php?rest_route=%2Fwp%2Fv2%2Fmedia&parent=5038"}],"wp:term":[{"taxonomy":"category","embeddable":true,"href":"http:\/\/csapokert.gorogkatolikus.hu\/index.php?rest_route=%2Fwp%2Fv2%2Fcategories&post=5038"},{"taxonomy":"post_tag","embeddable":true,"href":"http:\/\/csapokert.gorogkatolikus.hu\/index.php?rest_route=%2Fwp%2Fv2%2Ftags&post=5038"}],"curies":[{"name":"wp","href":"https:\/\/api.w.org\/{rel}","templated":true}]}}