{"id":5050,"date":"2021-12-06T19:57:31","date_gmt":"2021-12-06T19:57:31","guid":{"rendered":"http:\/\/csapokert.gorogkatolikus.hu\/?p=5050"},"modified":"2021-12-06T19:58:19","modified_gmt":"2021-12-06T19:58:19","slug":"szent-miklosra-emlekeztunk","status":"publish","type":"post","link":"http:\/\/csapokert.gorogkatolikus.hu\/?p=5050","title":{"rendered":"Szent Mikl\u00f3sra eml\u00e9kezt\u00fcnk"},"content":{"rendered":"<p>&nbsp;<\/p>\n<p><a href=\"http:\/\/csapokert.gorogkatolikus.hu\/wp-content\/uploads\/2021\/12\/IMG_20211205_103806.jpg\"><img decoding=\"async\" loading=\"lazy\" class=\"alignleft wp-image-5051\" src=\"http:\/\/csapokert.gorogkatolikus.hu\/wp-content\/uploads\/2021\/12\/IMG_20211205_103806.jpg\" alt=\"\" width=\"190\" height=\"190\" srcset=\"http:\/\/csapokert.gorogkatolikus.hu\/wp-content\/uploads\/2021\/12\/IMG_20211205_103806.jpg 2992w, http:\/\/csapokert.gorogkatolikus.hu\/wp-content\/uploads\/2021\/12\/IMG_20211205_103806-150x150.jpg 150w, http:\/\/csapokert.gorogkatolikus.hu\/wp-content\/uploads\/2021\/12\/IMG_20211205_103806-300x300.jpg 300w, http:\/\/csapokert.gorogkatolikus.hu\/wp-content\/uploads\/2021\/12\/IMG_20211205_103806-768x768.jpg 768w, http:\/\/csapokert.gorogkatolikus.hu\/wp-content\/uploads\/2021\/12\/IMG_20211205_103806-1024x1024.jpg 1024w, http:\/\/csapokert.gorogkatolikus.hu\/wp-content\/uploads\/2021\/12\/IMG_20211205_103806-634x634.jpg 634w, http:\/\/csapokert.gorogkatolikus.hu\/wp-content\/uploads\/2021\/12\/IMG_20211205_103806-924x924.jpg 924w\" sizes=\"(max-width: 190px) 100vw, 190px\" \/><\/a><\/p>\n<p>&nbsp;<\/p>\n<p>December 5-\u00e9n, vas\u00e1rnap, eml\u00e9kezt\u00fcnk meg Szent Mikl\u00f3sr\u00f3l templomunkban. \u0150, aki r\u00e9ges-r\u00e9gen p\u00fcsp\u00f6kk\u00e9nt tan\u00edtott p\u00e9ld\u00e1j\u00e1val a j\u00f3ra, napjainkban Mikul\u00e1sk\u00e9nt folytatja p\u00e1ratlan karrierj\u00e9t gyermekek milli\u00f3inak nagy \u00f6r\u00f6m\u00e9re. R\u00e1ad\u00e1sul a lelem\u00e9nyess\u00e9ge is kimer\u00edthetetlen.<\/p>\n<p><!--more--><\/p>\n<p>Az id\u00e9n \u2013 mivel tudta \u2013 hogy a templomba j\u00e1r\u00f3 gyerekek h\u00e9tf\u0151n m\u00e1r iskol\u00e1ban lesznek, ez\u00e9rt az el\u0151est\u00e9n elk\u00fcldte nek\u00fcnk aj\u00e1nd\u00e9kait, s\u0151t ez alkalommal ruszinf\u00f6ldi p\u00f3nik vontatta fogattal.<\/p>\n<p>K\u00f6sz\u00f6net mindenkinek, aki \u00fcnnep\u00fcnket szebb\u00e9 tette.<\/p>\n<p><a href=\"http:\/\/csapokert.gorogkatolikus.hu\/wp-content\/uploads\/2021\/12\/IMG_20211205_094743.jpg\"><img decoding=\"async\" loading=\"lazy\" class=\"alignleft wp-image-5053\" src=\"http:\/\/csapokert.gorogkatolikus.hu\/wp-content\/uploads\/2021\/12\/IMG_20211205_094743.jpg\" alt=\"\" width=\"381\" height=\"381\" srcset=\"http:\/\/csapokert.gorogkatolikus.hu\/wp-content\/uploads\/2021\/12\/IMG_20211205_094743.jpg 2992w, http:\/\/csapokert.gorogkatolikus.hu\/wp-content\/uploads\/2021\/12\/IMG_20211205_094743-150x150.jpg 150w, http:\/\/csapokert.gorogkatolikus.hu\/wp-content\/uploads\/2021\/12\/IMG_20211205_094743-300x300.jpg 300w, http:\/\/csapokert.gorogkatolikus.hu\/wp-content\/uploads\/2021\/12\/IMG_20211205_094743-768x768.jpg 768w, http:\/\/csapokert.gorogkatolikus.hu\/wp-content\/uploads\/2021\/12\/IMG_20211205_094743-1024x1024.jpg 1024w, http:\/\/csapokert.gorogkatolikus.hu\/wp-content\/uploads\/2021\/12\/IMG_20211205_094743-634x634.jpg 634w, http:\/\/csapokert.gorogkatolikus.hu\/wp-content\/uploads\/2021\/12\/IMG_20211205_094743-924x924.jpg 924w\" sizes=\"(max-width: 381px) 100vw, 381px\" \/><\/a> <a href=\"http:\/\/csapokert.gorogkatolikus.hu\/wp-content\/uploads\/2021\/12\/IMG_20211205_100659.jpg\"><img decoding=\"async\" loading=\"lazy\" class=\"alignleft wp-image-5054\" src=\"http:\/\/csapokert.gorogkatolikus.hu\/wp-content\/uploads\/2021\/12\/IMG_20211205_100659.jpg\" alt=\"\" width=\"380\" height=\"380\" srcset=\"http:\/\/csapokert.gorogkatolikus.hu\/wp-content\/uploads\/2021\/12\/IMG_20211205_100659.jpg 2992w, http:\/\/csapokert.gorogkatolikus.hu\/wp-content\/uploads\/2021\/12\/IMG_20211205_100659-150x150.jpg 150w, http:\/\/csapokert.gorogkatolikus.hu\/wp-content\/uploads\/2021\/12\/IMG_20211205_100659-300x300.jpg 300w, http:\/\/csapokert.gorogkatolikus.hu\/wp-content\/uploads\/2021\/12\/IMG_20211205_100659-768x768.jpg 768w, http:\/\/csapokert.gorogkatolikus.hu\/wp-content\/uploads\/2021\/12\/IMG_20211205_100659-1024x1024.jpg 1024w, http:\/\/csapokert.gorogkatolikus.hu\/wp-content\/uploads\/2021\/12\/IMG_20211205_100659-634x634.jpg 634w, http:\/\/csapokert.gorogkatolikus.hu\/wp-content\/uploads\/2021\/12\/IMG_20211205_100659-924x924.jpg 924w\" sizes=\"(max-width: 380px) 100vw, 380px\" \/><\/a> <a href=\"http:\/\/csapokert.gorogkatolikus.hu\/wp-content\/uploads\/2021\/12\/IMG_20211205_103851.jpg\"><img decoding=\"async\" loading=\"lazy\" class=\"alignleft wp-image-5055\" src=\"http:\/\/csapokert.gorogkatolikus.hu\/wp-content\/uploads\/2021\/12\/IMG_20211205_103851.jpg\" alt=\"\" width=\"376\" height=\"376\" srcset=\"http:\/\/csapokert.gorogkatolikus.hu\/wp-content\/uploads\/2021\/12\/IMG_20211205_103851.jpg 2992w, http:\/\/csapokert.gorogkatolikus.hu\/wp-content\/uploads\/2021\/12\/IMG_20211205_103851-150x150.jpg 150w, http:\/\/csapokert.gorogkatolikus.hu\/wp-content\/uploads\/2021\/12\/IMG_20211205_103851-300x300.jpg 300w, http:\/\/csapokert.gorogkatolikus.hu\/wp-content\/uploads\/2021\/12\/IMG_20211205_103851-768x768.jpg 768w, http:\/\/csapokert.gorogkatolikus.hu\/wp-content\/uploads\/2021\/12\/IMG_20211205_103851-1024x1024.jpg 1024w, http:\/\/csapokert.gorogkatolikus.hu\/wp-content\/uploads\/2021\/12\/IMG_20211205_103851-634x634.jpg 634w, http:\/\/csapokert.gorogkatolikus.hu\/wp-content\/uploads\/2021\/12\/IMG_20211205_103851-924x924.jpg 924w\" sizes=\"(max-width: 376px) 100vw, 376px\" \/><\/a> <a href=\"http:\/\/csapokert.gorogkatolikus.hu\/wp-content\/uploads\/2021\/12\/IMG_20211205_103911.jpg\"><img decoding=\"async\" loading=\"lazy\" class=\"alignleft wp-image-5056\" src=\"http:\/\/csapokert.gorogkatolikus.hu\/wp-content\/uploads\/2021\/12\/IMG_20211205_103911.jpg\" alt=\"\" width=\"359\" height=\"359\" srcset=\"http:\/\/csapokert.gorogkatolikus.hu\/wp-content\/uploads\/2021\/12\/IMG_20211205_103911.jpg 2992w, http:\/\/csapokert.gorogkatolikus.hu\/wp-content\/uploads\/2021\/12\/IMG_20211205_103911-150x150.jpg 150w, http:\/\/csapokert.gorogkatolikus.hu\/wp-content\/uploads\/2021\/12\/IMG_20211205_103911-300x300.jpg 300w, http:\/\/csapokert.gorogkatolikus.hu\/wp-content\/uploads\/2021\/12\/IMG_20211205_103911-768x768.jpg 768w, http:\/\/csapokert.gorogkatolikus.hu\/wp-content\/uploads\/2021\/12\/IMG_20211205_103911-1024x1024.jpg 1024w, http:\/\/csapokert.gorogkatolikus.hu\/wp-content\/uploads\/2021\/12\/IMG_20211205_103911-634x634.jpg 634w, http:\/\/csapokert.gorogkatolikus.hu\/wp-content\/uploads\/2021\/12\/IMG_20211205_103911-924x924.jpg 924w\" sizes=\"(max-width: 359px) 100vw, 359px\" \/><\/a> <a href=\"http:\/\/csapokert.gorogkatolikus.hu\/wp-content\/uploads\/2021\/12\/IMG_20211205_103950.jpg\"><img decoding=\"async\" loading=\"lazy\" class=\"alignleft wp-image-5057\" src=\"http:\/\/csapokert.gorogkatolikus.hu\/wp-content\/uploads\/2021\/12\/IMG_20211205_103950.jpg\" alt=\"\" width=\"383\" height=\"383\" srcset=\"http:\/\/csapokert.gorogkatolikus.hu\/wp-content\/uploads\/2021\/12\/IMG_20211205_103950.jpg 2992w, http:\/\/csapokert.gorogkatolikus.hu\/wp-content\/uploads\/2021\/12\/IMG_20211205_103950-150x150.jpg 150w, http:\/\/csapokert.gorogkatolikus.hu\/wp-content\/uploads\/2021\/12\/IMG_20211205_103950-300x300.jpg 300w, http:\/\/csapokert.gorogkatolikus.hu\/wp-content\/uploads\/2021\/12\/IMG_20211205_103950-768x768.jpg 768w, http:\/\/csapokert.gorogkatolikus.hu\/wp-content\/uploads\/2021\/12\/IMG_20211205_103950-1024x1024.jpg 1024w, http:\/\/csapokert.gorogkatolikus.hu\/wp-content\/uploads\/2021\/12\/IMG_20211205_103950-634x634.jpg 634w, http:\/\/csapokert.gorogkatolikus.hu\/wp-content\/uploads\/2021\/12\/IMG_20211205_103950-924x924.jpg 924w\" sizes=\"(max-width: 383px) 100vw, 383px\" \/><\/a><\/p>\n<p>&nbsp;<\/p>\n<p>&nbsp;<\/p>\n","protected":false},"excerpt":{"rendered":"<p>&nbsp; &nbsp; December 5-\u00e9n, vas\u00e1rnap, eml\u00e9kezt\u00fcnk meg Szent Mikl\u00f3sr\u00f3l templomunkban. \u0150, aki r\u00e9ges-r\u00e9gen p\u00fcsp\u00f6kk\u00e9nt tan\u00edtott p\u00e9ld\u00e1j\u00e1val a j\u00f3ra, napjainkban Mikul\u00e1sk\u00e9nt folytatja p\u00e1ratlan karrierj\u00e9t gyermekek milli\u00f3inak nagy \u00f6r\u00f6m\u00e9re. R\u00e1ad\u00e1sul a lelem\u00e9nyess\u00e9ge is kimer\u00edthetetlen.<\/p>\n","protected":false},"author":3,"featured_media":0,"comment_status":"closed","ping_status":"closed","sticky":false,"template":"","format":"standard","meta":{"ngg_post_thumbnail":0},"categories":[1],"tags":[],"_links":{"self":[{"href":"http:\/\/csapokert.gorogkatolikus.hu\/index.php?rest_route=\/wp\/v2\/posts\/5050"}],"collection":[{"href":"http:\/\/csapokert.gorogkatolikus.hu\/index.php?rest_route=\/wp\/v2\/posts"}],"about":[{"href":"http:\/\/csapokert.gorogkatolikus.hu\/index.php?rest_route=\/wp\/v2\/types\/post"}],"author":[{"embeddable":true,"href":"http:\/\/csapokert.gorogkatolikus.hu\/index.php?rest_route=\/wp\/v2\/users\/3"}],"replies":[{"embeddable":true,"href":"http:\/\/csapokert.gorogkatolikus.hu\/index.php?rest_route=%2Fwp%2Fv2%2Fcomments&post=5050"}],"version-history":[{"count":3,"href":"http:\/\/csapokert.gorogkatolikus.hu\/index.php?rest_route=\/wp\/v2\/posts\/5050\/revisions"}],"predecessor-version":[{"id":5059,"href":"http:\/\/csapokert.gorogkatolikus.hu\/index.php?rest_route=\/wp\/v2\/posts\/5050\/revisions\/5059"}],"wp:attachment":[{"href":"http:\/\/csapokert.gorogkatolikus.hu\/index.php?rest_route=%2Fwp%2Fv2%2Fmedia&parent=5050"}],"wp:term":[{"taxonomy":"category","embeddable":true,"href":"http:\/\/csapokert.gorogkatolikus.hu\/index.php?rest_route=%2Fwp%2Fv2%2Fcategories&post=5050"},{"taxonomy":"post_tag","embeddable":true,"href":"http:\/\/csapokert.gorogkatolikus.hu\/index.php?rest_route=%2Fwp%2Fv2%2Ftags&post=5050"}],"curies":[{"name":"wp","href":"https:\/\/api.w.org\/{rel}","templated":true}]}}