{"id":5065,"date":"2021-12-12T14:41:08","date_gmt":"2021-12-12T14:41:08","guid":{"rendered":"http:\/\/csapokert.gorogkatolikus.hu\/?p=5065"},"modified":"2021-12-12T14:41:08","modified_gmt":"2021-12-12T14:41:08","slug":"hajos-alfred-kiallitas-az-egyhazkozsegi-kozossegi-hazban","status":"publish","type":"post","link":"http:\/\/csapokert.gorogkatolikus.hu\/?p=5065","title":{"rendered":"Haj\u00f3s Alfr\u00e9d ki\u00e1ll\u00edt\u00e1s az egyh\u00e1zk\u00f6zs\u00e9gi k\u00f6z\u00f6ss\u00e9gi h\u00e1zban."},"content":{"rendered":"<p>&nbsp;<\/p>\n<p><a href=\"http:\/\/csapokert.gorogkatolikus.hu\/wp-content\/uploads\/2021\/12\/received_443568500508647.jpeg\"><img decoding=\"async\" loading=\"lazy\" class=\"alignleft  wp-image-5066\" src=\"http:\/\/csapokert.gorogkatolikus.hu\/wp-content\/uploads\/2021\/12\/received_443568500508647.jpeg\" alt=\"\" width=\"179\" height=\"238\" srcset=\"http:\/\/csapokert.gorogkatolikus.hu\/wp-content\/uploads\/2021\/12\/received_443568500508647.jpeg 1536w, http:\/\/csapokert.gorogkatolikus.hu\/wp-content\/uploads\/2021\/12\/received_443568500508647-225x300.jpeg 225w, http:\/\/csapokert.gorogkatolikus.hu\/wp-content\/uploads\/2021\/12\/received_443568500508647-768x1024.jpeg 768w, http:\/\/csapokert.gorogkatolikus.hu\/wp-content\/uploads\/2021\/12\/received_443568500508647-634x845.jpeg 634w, http:\/\/csapokert.gorogkatolikus.hu\/wp-content\/uploads\/2021\/12\/received_443568500508647-924x1232.jpeg 924w\" sizes=\"(max-width: 179px) 100vw, 179px\" \/><\/a><\/p>\n<p>Haj\u00f3s Alfr\u00e9dnek \u2013 els\u0151 olimpiai bajnokunknak, aki k\u00e9s\u0151bb \u00e9p\u00edt\u00e9szk\u00e9nt is jelent\u0151s \u00e9p\u00fcletek tervez\u00e9s\u00e9ben \u00e9s kivitelez\u00e9s\u00e9ben szerzett h\u00edrnevet Debrecenben, de orsz\u00e1gszerte is \u2013 \u00e1ll\u00edt eml\u00e9ket az a ki\u00e1ll\u00edt\u00e1s, amelynek k\u00f6z\u00f6ss\u00e9gi h\u00e1zunk Szent Istv\u00e1n terme ad otthont.<\/p>\n<p>&nbsp;<\/p>\n<p>&nbsp;<\/p>\n<p>&nbsp;<\/p>\n<p>&nbsp;<\/p>\n<p><!--more--><\/p>\n<p>A ki\u00e1ll\u00edt\u00e1s a M\u00e9liusz Juh\u00e1sz P\u00e9ter K\u00f6nyvt\u00e1r rendez\u00e9s\u00e9ben ker\u00fcl megszervez\u00e9sre. Megtekinthet\u0151 november 26 \u2013 december 14 k\u00f6z\u00f6tt 9.00 \u00e9s 16.00-ig el\u0151zetes telefonos egyeztet\u00e9s ut\u00e1n.<\/p>\n<p><a href=\"http:\/\/csapokert.gorogkatolikus.hu\/wp-content\/uploads\/2021\/12\/received_231658335713386.jpeg\"><img decoding=\"async\" loading=\"lazy\" class=\"alignleft  wp-image-5067\" src=\"http:\/\/csapokert.gorogkatolikus.hu\/wp-content\/uploads\/2021\/12\/received_231658335713386.jpeg\" alt=\"\" width=\"262\" height=\"196\" srcset=\"http:\/\/csapokert.gorogkatolikus.hu\/wp-content\/uploads\/2021\/12\/received_231658335713386.jpeg 2048w, http:\/\/csapokert.gorogkatolikus.hu\/wp-content\/uploads\/2021\/12\/received_231658335713386-300x225.jpeg 300w, http:\/\/csapokert.gorogkatolikus.hu\/wp-content\/uploads\/2021\/12\/received_231658335713386-768x576.jpeg 768w, http:\/\/csapokert.gorogkatolikus.hu\/wp-content\/uploads\/2021\/12\/received_231658335713386-1024x768.jpeg 1024w, http:\/\/csapokert.gorogkatolikus.hu\/wp-content\/uploads\/2021\/12\/received_231658335713386-634x476.jpeg 634w, http:\/\/csapokert.gorogkatolikus.hu\/wp-content\/uploads\/2021\/12\/received_231658335713386-924x693.jpeg 924w\" sizes=\"(max-width: 262px) 100vw, 262px\" \/><\/a> <a href=\"http:\/\/csapokert.gorogkatolikus.hu\/wp-content\/uploads\/2021\/12\/received_978891919683775.jpeg\"><img decoding=\"async\" loading=\"lazy\" class=\"alignleft  wp-image-5068\" src=\"http:\/\/csapokert.gorogkatolikus.hu\/wp-content\/uploads\/2021\/12\/received_978891919683775.jpeg\" alt=\"\" width=\"263\" height=\"197\" srcset=\"http:\/\/csapokert.gorogkatolikus.hu\/wp-content\/uploads\/2021\/12\/received_978891919683775.jpeg 2048w, http:\/\/csapokert.gorogkatolikus.hu\/wp-content\/uploads\/2021\/12\/received_978891919683775-300x225.jpeg 300w, http:\/\/csapokert.gorogkatolikus.hu\/wp-content\/uploads\/2021\/12\/received_978891919683775-768x576.jpeg 768w, http:\/\/csapokert.gorogkatolikus.hu\/wp-content\/uploads\/2021\/12\/received_978891919683775-1024x768.jpeg 1024w, http:\/\/csapokert.gorogkatolikus.hu\/wp-content\/uploads\/2021\/12\/received_978891919683775-634x476.jpeg 634w, http:\/\/csapokert.gorogkatolikus.hu\/wp-content\/uploads\/2021\/12\/received_978891919683775-924x693.jpeg 924w\" sizes=\"(max-width: 263px) 100vw, 263px\" \/><\/a><\/p>\n<p>&nbsp;<\/p>\n<p>&nbsp;<\/p>\n","protected":false},"excerpt":{"rendered":"<p>&nbsp; Haj\u00f3s Alfr\u00e9dnek \u2013 els\u0151 olimpiai bajnokunknak, aki k\u00e9s\u0151bb \u00e9p\u00edt\u00e9szk\u00e9nt is jelent\u0151s \u00e9p\u00fcletek tervez\u00e9s\u00e9ben \u00e9s kivitelez\u00e9s\u00e9ben szerzett h\u00edrnevet Debrecenben, de orsz\u00e1gszerte is \u2013 \u00e1ll\u00edt eml\u00e9ket az a ki\u00e1ll\u00edt\u00e1s, amelynek k\u00f6z\u00f6ss\u00e9gi h\u00e1zunk Szent Istv\u00e1n terme ad otthont. &nbsp; &nbsp; &nbsp; &nbsp;<\/p>\n","protected":false},"author":3,"featured_media":0,"comment_status":"closed","ping_status":"closed","sticky":false,"template":"","format":"standard","meta":{"ngg_post_thumbnail":0},"categories":[1],"tags":[],"_links":{"self":[{"href":"http:\/\/csapokert.gorogkatolikus.hu\/index.php?rest_route=\/wp\/v2\/posts\/5065"}],"collection":[{"href":"http:\/\/csapokert.gorogkatolikus.hu\/index.php?rest_route=\/wp\/v2\/posts"}],"about":[{"href":"http:\/\/csapokert.gorogkatolikus.hu\/index.php?rest_route=\/wp\/v2\/types\/post"}],"author":[{"embeddable":true,"href":"http:\/\/csapokert.gorogkatolikus.hu\/index.php?rest_route=\/wp\/v2\/users\/3"}],"replies":[{"embeddable":true,"href":"http:\/\/csapokert.gorogkatolikus.hu\/index.php?rest_route=%2Fwp%2Fv2%2Fcomments&post=5065"}],"version-history":[{"count":2,"href":"http:\/\/csapokert.gorogkatolikus.hu\/index.php?rest_route=\/wp\/v2\/posts\/5065\/revisions"}],"predecessor-version":[{"id":5070,"href":"http:\/\/csapokert.gorogkatolikus.hu\/index.php?rest_route=\/wp\/v2\/posts\/5065\/revisions\/5070"}],"wp:attachment":[{"href":"http:\/\/csapokert.gorogkatolikus.hu\/index.php?rest_route=%2Fwp%2Fv2%2Fmedia&parent=5065"}],"wp:term":[{"taxonomy":"category","embeddable":true,"href":"http:\/\/csapokert.gorogkatolikus.hu\/index.php?rest_route=%2Fwp%2Fv2%2Fcategories&post=5065"},{"taxonomy":"post_tag","embeddable":true,"href":"http:\/\/csapokert.gorogkatolikus.hu\/index.php?rest_route=%2Fwp%2Fv2%2Ftags&post=5065"}],"curies":[{"name":"wp","href":"https:\/\/api.w.org\/{rel}","templated":true}]}}