{"id":5071,"date":"2021-12-12T15:59:46","date_gmt":"2021-12-12T15:59:46","guid":{"rendered":"http:\/\/csapokert.gorogkatolikus.hu\/?p=5071"},"modified":"2021-12-12T15:59:46","modified_gmt":"2021-12-12T15:59:46","slug":"uton-betlehembe","status":"publish","type":"post","link":"http:\/\/csapokert.gorogkatolikus.hu\/?p=5071","title":{"rendered":"\u00daton Betlehembe"},"content":{"rendered":"<p>&nbsp;<\/p>\n<p><img decoding=\"async\" loading=\"lazy\" class=\"alignleft  wp-image-5072\" style=\"color: #181b60;\" src=\"http:\/\/csapokert.gorogkatolikus.hu\/wp-content\/uploads\/2021\/12\/IMG_20211212_162036.jpg\" alt=\"\" width=\"179\" height=\"240\" srcset=\"http:\/\/csapokert.gorogkatolikus.hu\/wp-content\/uploads\/2021\/12\/IMG_20211212_162036.jpg 2992w, http:\/\/csapokert.gorogkatolikus.hu\/wp-content\/uploads\/2021\/12\/IMG_20211212_162036-224x300.jpg 224w, http:\/\/csapokert.gorogkatolikus.hu\/wp-content\/uploads\/2021\/12\/IMG_20211212_162036-768x1027.jpg 768w, http:\/\/csapokert.gorogkatolikus.hu\/wp-content\/uploads\/2021\/12\/IMG_20211212_162036-766x1024.jpg 766w, http:\/\/csapokert.gorogkatolikus.hu\/wp-content\/uploads\/2021\/12\/IMG_20211212_162036-634x848.jpg 634w, http:\/\/csapokert.gorogkatolikus.hu\/wp-content\/uploads\/2021\/12\/IMG_20211212_162036-924x1235.jpg 924w\" sizes=\"(max-width: 179px) 100vw, 179px\" \/><\/p>\n<p>&nbsp;<\/p>\n<p>&nbsp;<\/p>\n<pre>   Csap\u00f3kerti egyh\u00e1zk\u00f6zs\u00e9g\u00fcnk is r\u00e9szt vett a Hajd\u00fadorogi F\u0151egyh\u00e1zmegye \u00e1ltal szervezett\r\n\r\n<em>\u201e\u00daton Betlehembe\u201d<\/em> c. kar\u00e1csonyv\u00e1r\u00f3 esem\u00e9nyen.\u00a0\r\n\r\n\u00a0\r\n\r\n\r\n\u00a0<!--more-->\r\n\r\n\r\n    A debreceni \u00e9s k\u00f6rny\u00e9ki par\u00f3ki\u00e1k, valamint a Szent Mikl\u00f3s Roma Szakkoll\u00e9gium \u00e9s a Szent Luk\u00e1cs G\u00f6r\u00f6gkatolikus Szeretetszolg\u00e1lat mellett a Myra K\u00e1v\u00e9z\u00f3 \u00e9s Kegyt\u00e1rgybolt is bemutatkozott az odal\u00e1togat\u00f3k sz\u00e1m\u00e1ra.\r\n\r\n    K\u00e9zm\u0171ves foglalkoz\u00e1sok sz\u00ednes\u00edtett\u00e9k a programot, a szervez\u0151k egyedi arcfest\u00e9ssel is kedveskedtek a gyerekek sz\u00e1m\u00e1ra.\r\n\r\n    A Karit\u00e1sz s\u00e1tr\u00e1n\u00e1l gy\u0171jt\u00f6tt\u00e9k a j\u00f3 \u00e1llapotban l\u00e9v\u0151 haszn\u00e1lt ruh\u00e1kat \u00e9s j\u00e1t\u00e9kokat, melyeket a szeg\u00e9ny sors\u00fa r\u00e1szorul\u00f3knak adom\u00e1nyoznak kar\u00e1csony \u00fcnnep\u00e9re.\r\n\r\n    A melegedni v\u00e1gy\u00f3 vend\u00e9geket szellemi t\u00e1pl\u00e1l\u00e9kkal is ell\u00e1tt\u00e1k a szervez\u0151k, \u00e9rdekes \u00e9s sz\u00ednvonalas el\u0151ad\u00e1soknak lehett\u00fcnk szem-\u00e9s f\u00fcltan\u00fai a d\u00edszteremben.\r\n\r\n    Par\u00f3ki\u00e1nk egyedi parav\u00e1nt is k\u00e9sz\u00edtett a rendezv\u00e9nyre, ahol r\u00e9sztvev\u0151k megoszthatt\u00e1k t\u00f6rt\u00e9neteiket: <em>\u201e A kar\u00e1csonyban az a legszebb\u2026 , Sz\u00e1momra elk\u00e9pzelhetetlen a kar\u00e1csony an\u00e9lk\u00fcl\u2026 , Kar\u00e1csonyt azt teszi meghitt\u00e9\u2026 , Az ember lelke m\u00e9ly\u00e9n erre v\u00e1gyik kar\u00e1csonykor <\/em>c\u00edmmel. Aki a legt\u00f6bb t\u00f6rt\u00e9netet megosztotta, \u00e9rt\u00e9kes aj\u00e1nd\u00e9kokban r\u00e9szes\u00fclhetett.\r\n\r\n    A program lehet\u0151v\u00e9 tette, hogy kifejezz\u00fck egym\u00e1s ir\u00e1nti tisztelet\u00fcnket, felebar\u00e1ti szeretet\u00fcnket \u00e9s a gyermeki v\u00e1rakoz\u00e1sunkat a Megv\u00e1lt\u00f3 elj\u00f6vetel\u00e9hez.<\/pre>\n<p><a href=\"http:\/\/csapokert.gorogkatolikus.hu\/wp-content\/uploads\/2021\/12\/IMG_20211212_162020.jpg\"><img decoding=\"async\" loading=\"lazy\" class=\"alignleft  wp-image-5073\" src=\"http:\/\/csapokert.gorogkatolikus.hu\/wp-content\/uploads\/2021\/12\/IMG_20211212_162020.jpg\" alt=\"\" width=\"391\" height=\"293\" srcset=\"http:\/\/csapokert.gorogkatolikus.hu\/wp-content\/uploads\/2021\/12\/IMG_20211212_162020.jpg 4000w, http:\/\/csapokert.gorogkatolikus.hu\/wp-content\/uploads\/2021\/12\/IMG_20211212_162020-300x224.jpg 300w, http:\/\/csapokert.gorogkatolikus.hu\/wp-content\/uploads\/2021\/12\/IMG_20211212_162020-768x574.jpg 768w, http:\/\/csapokert.gorogkatolikus.hu\/wp-content\/uploads\/2021\/12\/IMG_20211212_162020-1024x766.jpg 1024w, http:\/\/csapokert.gorogkatolikus.hu\/wp-content\/uploads\/2021\/12\/IMG_20211212_162020-634x474.jpg 634w, http:\/\/csapokert.gorogkatolikus.hu\/wp-content\/uploads\/2021\/12\/IMG_20211212_162020-924x691.jpg 924w\" sizes=\"(max-width: 391px) 100vw, 391px\" \/><\/a><\/p>\n<p>&nbsp;<\/p>\n<p>&nbsp;<\/p>\n<p>I<\/p>\n<p><!--more--><\/p>\n","protected":false},"excerpt":{"rendered":"<p>&nbsp; &nbsp; &nbsp; Csap\u00f3kerti egyh\u00e1zk\u00f6zs\u00e9g\u00fcnk is r\u00e9szt vett a Hajd\u00fadorogi F\u0151egyh\u00e1zmegye \u00e1ltal szervezett \u201e\u00daton Betlehembe\u201d c. kar\u00e1csonyv\u00e1r\u00f3 esem\u00e9nyen.\u00a0 \u00a0 \u00a0<\/p>\n","protected":false},"author":3,"featured_media":0,"comment_status":"closed","ping_status":"closed","sticky":false,"template":"","format":"standard","meta":{"ngg_post_thumbnail":0},"categories":[1],"tags":[],"_links":{"self":[{"href":"http:\/\/csapokert.gorogkatolikus.hu\/index.php?rest_route=\/wp\/v2\/posts\/5071"}],"collection":[{"href":"http:\/\/csapokert.gorogkatolikus.hu\/index.php?rest_route=\/wp\/v2\/posts"}],"about":[{"href":"http:\/\/csapokert.gorogkatolikus.hu\/index.php?rest_route=\/wp\/v2\/types\/post"}],"author":[{"embeddable":true,"href":"http:\/\/csapokert.gorogkatolikus.hu\/index.php?rest_route=\/wp\/v2\/users\/3"}],"replies":[{"embeddable":true,"href":"http:\/\/csapokert.gorogkatolikus.hu\/index.php?rest_route=%2Fwp%2Fv2%2Fcomments&post=5071"}],"version-history":[{"count":2,"href":"http:\/\/csapokert.gorogkatolikus.hu\/index.php?rest_route=\/wp\/v2\/posts\/5071\/revisions"}],"predecessor-version":[{"id":5075,"href":"http:\/\/csapokert.gorogkatolikus.hu\/index.php?rest_route=\/wp\/v2\/posts\/5071\/revisions\/5075"}],"wp:attachment":[{"href":"http:\/\/csapokert.gorogkatolikus.hu\/index.php?rest_route=%2Fwp%2Fv2%2Fmedia&parent=5071"}],"wp:term":[{"taxonomy":"category","embeddable":true,"href":"http:\/\/csapokert.gorogkatolikus.hu\/index.php?rest_route=%2Fwp%2Fv2%2Fcategories&post=5071"},{"taxonomy":"post_tag","embeddable":true,"href":"http:\/\/csapokert.gorogkatolikus.hu\/index.php?rest_route=%2Fwp%2Fv2%2Ftags&post=5071"}],"curies":[{"name":"wp","href":"https:\/\/api.w.org\/{rel}","templated":true}]}}