{"id":5080,"date":"2021-12-17T11:07:47","date_gmt":"2021-12-17T11:07:47","guid":{"rendered":"http:\/\/csapokert.gorogkatolikus.hu\/?p=5080"},"modified":"2021-12-17T19:43:32","modified_gmt":"2021-12-17T19:43:32","slug":"karacsonyi-gyerekszaj","status":"publish","type":"post","link":"http:\/\/csapokert.gorogkatolikus.hu\/?p=5080","title":{"rendered":"Kar\u00e1csonyi gyereksz\u00e1j"},"content":{"rendered":"<p><a href=\"http:\/\/csapokert.gorogkatolikus.hu\/wp-content\/uploads\/2021\/12\/green-balls-christmas-tree-branch-2.jpg\"><img decoding=\"async\" loading=\"lazy\" class=\"alignleft  wp-image-5089\" src=\"http:\/\/csapokert.gorogkatolikus.hu\/wp-content\/uploads\/2021\/12\/green-balls-christmas-tree-branch-2.jpg\" alt=\"\" width=\"274\" height=\"209\" srcset=\"http:\/\/csapokert.gorogkatolikus.hu\/wp-content\/uploads\/2021\/12\/green-balls-christmas-tree-branch-2.jpg 1300w, http:\/\/csapokert.gorogkatolikus.hu\/wp-content\/uploads\/2021\/12\/green-balls-christmas-tree-branch-2-300x229.jpg 300w, http:\/\/csapokert.gorogkatolikus.hu\/wp-content\/uploads\/2021\/12\/green-balls-christmas-tree-branch-2-768x585.jpg 768w, http:\/\/csapokert.gorogkatolikus.hu\/wp-content\/uploads\/2021\/12\/green-balls-christmas-tree-branch-2-1024x781.jpg 1024w, http:\/\/csapokert.gorogkatolikus.hu\/wp-content\/uploads\/2021\/12\/green-balls-christmas-tree-branch-2-634x483.jpg 634w, http:\/\/csapokert.gorogkatolikus.hu\/wp-content\/uploads\/2021\/12\/green-balls-christmas-tree-branch-2-924x704.jpg 924w\" sizes=\"(max-width: 274px) 100vw, 274px\" \/><\/a><\/p>\n<h6>\u00a0 \u00a0 \u00a0 \u00a0 \u00a0 A kar\u00e1csonyban az a legszebb, amikor kim\u00e9sz a v\u00e1ros f\u0151hely\u00e9re, \u00e9s v\u00e9gig m\u00e9sz rajta, \u00e9s sok f\u00e9ny van mindenhol, \u00e9s ez nagyon kapcsol\u00f3dik a kar\u00e1csonyhoz. M\u00e9g az is, amikor J\u00e9zus elj\u00f6n hozz\u00e1nk kar\u00e1csonykor. A kar\u00e1csonyban a legszebb eml\u00e9kem, amikor elment\u00fcnk a templomba fell\u00e9p\u00e9sre, \u00e9s amikor haza\u00e9rt\u00fcnk, a kar\u00e1csonyfa alatt ott volt a sok aj\u00e1nd\u00e9k, aminek nagyon \u00f6r\u00fcltem.<\/h6>\n<h6 style=\"text-align: right;\">(Norbi 5. oszt\u00e1lyos)<\/h6>\n<h6><\/h6>\n<p>&nbsp;<\/p>\n<h6>\u00a0 \u00a0 \u00a0 \u00a0 \u00a0 A kar\u00e1csonyban az a legszebb, hogy egy\u00fctt van a csal\u00e1d, \u00e9s hogy egy\u00fctt \u00fcnnepelj\u00fck meg. A legt\u00f6bb gyerek az aj\u00e1nd\u00e9kokat n\u00e9zi, h\u00e1t nem mondom, hogy \u00e9n nem, de nem tudn\u00e9k egyed\u00fcl \u00fcnnepelni. Az a kedvenc r\u00e9szem,a mikor \u00e9nekelve d\u00edsz\u00edtj\u00fck fel a f\u00e1t. A szaloncukorba mindig kapcsot rakunk. B\u00e1r apa annyira belej\u00f6n mindig, hogy nem tudja abbahagyni. Igaz kicsi a kar\u00e1csonyf\u00e1nk, de szeret\u00fcnk bemenni a szob\u00e1ba Bibli\u00e1t olvasni. Nagyon szeretem a kar\u00e1csonyt, \u00e9s minden \u00e9vben ezt az alkalmat v\u00e1rom a legjobban.<\/h6>\n<h6 style=\"text-align: right;\">(R\u00e9ka 5. oszt\u00e1lyos)<\/h6>\n<h6><\/h6>\n<p>&nbsp;<\/p>\n<h6><!--more--><\/h6>\n<h6>\u00a0 \u00a0 \u00a0 \u00a0 \u00a0 A kar\u00e1csonyban az a legszebb, hogy \u00fcnnepelj\u00fck a kis J\u00e9zus sz\u00fclet\u00e9s\u00e9t, \u00e9s az is, hogy ilyenkor a csal\u00e1domban mindenki egy\u00fctt van. Az is a legszebb, hogy ilyenkor senki sem veszekedik, hanem mindenki nevet \u00e9s j\u00f3l \u00e9rzi mag\u00e1t.<\/h6>\n<h6 style=\"text-align: right;\">(Vill\u0151 5. oszt\u00e1lyos)<\/h6>\n<h6><\/h6>\n<p>&nbsp;<\/p>\n<h6>\u00a0 \u00a0 \u00a0 \u00a0 A kar\u00e1csonyban az a legszebb, hogy a rohan\u00f3 vil\u00e1gban \u00f6sszegy\u0171l a csal\u00e1d. Lehet csak az\u00e9rt, mert szeretn\u00e9nk egy kicsit egym\u00e1ssal lenni. N\u00e1lunk ez k\u00fcl\u00f6n\u00f6sen igaz, mert apa nagyon sokat van t\u00e1vol a munk\u00e1ja miatt. Anya pedig hab\u00e1r otthon van vel\u00fcnk, ritka, amikor vel\u00fcnk tud lenni.<\/h6>\n<h6 style=\"text-align: right;\">(Bor\u00f3ka 5. oszt\u00e1ly)<\/h6>\n<p>&nbsp;<\/p>\n<p>&nbsp;<\/p>\n<h6>\u00a0\u00a0\u00a0\u00a0\u00a0\u00a0\u00a0\u00a0\u00a0\u00a0\u00a0 Kar\u00e1csonyban az a legszebb, hogy n\u00e1lunk az eg\u00e9sz csal\u00e1d \u00f6sszej\u00f6n, \u00e9s egy\u00fctt van. Meghitt a hangulat. A s\u00fclt kolb\u00e1sz a s\u00fct\u0151ben van, \u00e9s v\u00e1rjuk az \u00e9jf\u00e9lt. Addig, am\u00edg a gyerekek \u00e9bren vannak, j\u00e1tszanak, besz\u00e9lgetnek, Azut\u00e1n egy\u00fctt \u00e9nekel az eg\u00e9sz rokons\u00e1g, le\u00fcl\u00fcnk a vacsor\u00e1hoz, azt\u00e1n hazamennek. Este boldogan alszunk el.<\/h6>\n<h6 style=\"text-align: right;\">(Szonja 5. oszt\u00e1ly)<\/h6>\n<p>&nbsp;<\/p>\n<p>&nbsp;<\/p>\n<h6>\u00a0\u00a0\u00a0\u00a0\u00a0\u00a0\u00a0\u00a0\u00a0\u00a0\u00a0 Kar\u00e1csony n\u00e9lk\u00fcl elk\u00e9pzelhetetlen a vil\u00e1g, mert akkor \u00f6sszej\u00f6n a csal\u00e1d, \u00e9s egy\u00fctt \u00fcnnepelj\u00fck J\u00e9zus sz\u00fclet\u00e9s\u00e9t. \u00c9s J\u00e9zust is megh\u00edvjuk az \u00fcnnepi vacsor\u00e1ra, \u00e9s bezab\u00e1lom az \u00f6sszes s\u00fctit. Amikor megkapjuk az aj\u00e1nd\u00e9kokat, akkor J\u00e9zus is vel\u00fcnk nyitja ki az aj\u00e1nd\u00e9kokat, mert az az \u0151 aj\u00e1nd\u00e9ka nek\u00fcnk.<\/h6>\n<h6 style=\"text-align: right;\">(Emese 5. oszt\u00e1ly)<\/h6>\n<p>&nbsp;<\/p>\n<p>&nbsp;<\/p>\n<h6>\u00a0\u00a0\u00a0\u00a0\u00a0\u00a0\u00a0\u00a0\u00a0\u00a0\u00a0 A kar\u00e1csonyban az a legszebb, hogy a kis J\u00e9zus megsz\u00fcletett, \u00e9s meg\u00fcnnepelhetj\u00fck. Mert ez nekem megtisztel\u0151, hogy meg\u00fcnnepelhetem a kis J\u00e9zust. Szeretem a kis J\u00e9zussal t\u00f6lteni az id\u0151t.<\/h6>\n<h6 style=\"text-align: right;\">(Dominik 5. oszt\u00e1ly<\/h6>\n","protected":false},"excerpt":{"rendered":"<p>\u00a0 \u00a0 \u00a0 \u00a0 \u00a0 A kar\u00e1csonyban az a legszebb, amikor kim\u00e9sz a v\u00e1ros f\u0151hely\u00e9re, \u00e9s v\u00e9gig m\u00e9sz rajta, \u00e9s sok f\u00e9ny van mindenhol, \u00e9s ez nagyon kapcsol\u00f3dik a kar\u00e1csonyhoz. M\u00e9g az is, amikor J\u00e9zus elj\u00f6n hozz\u00e1nk kar\u00e1csonykor. A kar\u00e1csonyban a legszebb eml\u00e9kem, amikor elment\u00fcnk a templomba fell\u00e9p\u00e9sre, \u00e9s amikor haza\u00e9rt\u00fcnk, a kar\u00e1csonyfa alatt ott [&hellip;]<\/p>\n","protected":false},"author":3,"featured_media":0,"comment_status":"closed","ping_status":"closed","sticky":false,"template":"","format":"standard","meta":{"ngg_post_thumbnail":0},"categories":[1],"tags":[],"_links":{"self":[{"href":"http:\/\/csapokert.gorogkatolikus.hu\/index.php?rest_route=\/wp\/v2\/posts\/5080"}],"collection":[{"href":"http:\/\/csapokert.gorogkatolikus.hu\/index.php?rest_route=\/wp\/v2\/posts"}],"about":[{"href":"http:\/\/csapokert.gorogkatolikus.hu\/index.php?rest_route=\/wp\/v2\/types\/post"}],"author":[{"embeddable":true,"href":"http:\/\/csapokert.gorogkatolikus.hu\/index.php?rest_route=\/wp\/v2\/users\/3"}],"replies":[{"embeddable":true,"href":"http:\/\/csapokert.gorogkatolikus.hu\/index.php?rest_route=%2Fwp%2Fv2%2Fcomments&post=5080"}],"version-history":[{"count":8,"href":"http:\/\/csapokert.gorogkatolikus.hu\/index.php?rest_route=\/wp\/v2\/posts\/5080\/revisions"}],"predecessor-version":[{"id":5090,"href":"http:\/\/csapokert.gorogkatolikus.hu\/index.php?rest_route=\/wp\/v2\/posts\/5080\/revisions\/5090"}],"wp:attachment":[{"href":"http:\/\/csapokert.gorogkatolikus.hu\/index.php?rest_route=%2Fwp%2Fv2%2Fmedia&parent=5080"}],"wp:term":[{"taxonomy":"category","embeddable":true,"href":"http:\/\/csapokert.gorogkatolikus.hu\/index.php?rest_route=%2Fwp%2Fv2%2Fcategories&post=5080"},{"taxonomy":"post_tag","embeddable":true,"href":"http:\/\/csapokert.gorogkatolikus.hu\/index.php?rest_route=%2Fwp%2Fv2%2Ftags&post=5080"}],"curies":[{"name":"wp","href":"https:\/\/api.w.org\/{rel}","templated":true}]}}