{"id":5091,"date":"2021-12-18T20:40:24","date_gmt":"2021-12-18T20:40:24","guid":{"rendered":"http:\/\/csapokert.gorogkatolikus.hu\/?p=5091"},"modified":"2021-12-18T20:40:24","modified_gmt":"2021-12-18T20:40:24","slug":"hatodik-gyertyagyujtas-a-lelki-adventi-koszorun","status":"publish","type":"post","link":"http:\/\/csapokert.gorogkatolikus.hu\/?p=5091","title":{"rendered":"Hatodik gyertyagy\u00fajt\u00e1s a lelki adventi koszor\u00fan"},"content":{"rendered":"<p><a href=\"http:\/\/csapokert.gorogkatolikus.hu\/wp-content\/uploads\/2021\/12\/Hatodik-gyertyal\u00e1ng_page-0001.jpg\"><img decoding=\"async\" loading=\"lazy\" class=\"alignleft size-full wp-image-5092\" src=\"http:\/\/csapokert.gorogkatolikus.hu\/wp-content\/uploads\/2021\/12\/Hatodik-gyertyal\u00e1ng_page-0001.jpg\" alt=\"\" width=\"1241\" height=\"1755\" srcset=\"http:\/\/csapokert.gorogkatolikus.hu\/wp-content\/uploads\/2021\/12\/Hatodik-gyertyal\u00e1ng_page-0001.jpg 1241w, http:\/\/csapokert.gorogkatolikus.hu\/wp-content\/uploads\/2021\/12\/Hatodik-gyertyal\u00e1ng_page-0001-212x300.jpg 212w, http:\/\/csapokert.gorogkatolikus.hu\/wp-content\/uploads\/2021\/12\/Hatodik-gyertyal\u00e1ng_page-0001-768x1086.jpg 768w, http:\/\/csapokert.gorogkatolikus.hu\/wp-content\/uploads\/2021\/12\/Hatodik-gyertyal\u00e1ng_page-0001-724x1024.jpg 724w, http:\/\/csapokert.gorogkatolikus.hu\/wp-content\/uploads\/2021\/12\/Hatodik-gyertyal\u00e1ng_page-0001-634x897.jpg 634w, http:\/\/csapokert.gorogkatolikus.hu\/wp-content\/uploads\/2021\/12\/Hatodik-gyertyal\u00e1ng_page-0001-924x1307.jpg 924w\" sizes=\"(max-width: 1241px) 100vw, 1241px\" \/><\/a><\/p>\n","protected":false},"excerpt":{"rendered":"","protected":false},"author":3,"featured_media":0,"comment_status":"closed","ping_status":"closed","sticky":false,"template":"","format":"standard","meta":{"ngg_post_thumbnail":0},"categories":[1],"tags":[],"_links":{"self":[{"href":"http:\/\/csapokert.gorogkatolikus.hu\/index.php?rest_route=\/wp\/v2\/posts\/5091"}],"collection":[{"href":"http:\/\/csapokert.gorogkatolikus.hu\/index.php?rest_route=\/wp\/v2\/posts"}],"about":[{"href":"http:\/\/csapokert.gorogkatolikus.hu\/index.php?rest_route=\/wp\/v2\/types\/post"}],"author":[{"embeddable":true,"href":"http:\/\/csapokert.gorogkatolikus.hu\/index.php?rest_route=\/wp\/v2\/users\/3"}],"replies":[{"embeddable":true,"href":"http:\/\/csapokert.gorogkatolikus.hu\/index.php?rest_route=%2Fwp%2Fv2%2Fcomments&post=5091"}],"version-history":[{"count":1,"href":"http:\/\/csapokert.gorogkatolikus.hu\/index.php?rest_route=\/wp\/v2\/posts\/5091\/revisions"}],"predecessor-version":[{"id":5093,"href":"http:\/\/csapokert.gorogkatolikus.hu\/index.php?rest_route=\/wp\/v2\/posts\/5091\/revisions\/5093"}],"wp:attachment":[{"href":"http:\/\/csapokert.gorogkatolikus.hu\/index.php?rest_route=%2Fwp%2Fv2%2Fmedia&parent=5091"}],"wp:term":[{"taxonomy":"category","embeddable":true,"href":"http:\/\/csapokert.gorogkatolikus.hu\/index.php?rest_route=%2Fwp%2Fv2%2Fcategories&post=5091"},{"taxonomy":"post_tag","embeddable":true,"href":"http:\/\/csapokert.gorogkatolikus.hu\/index.php?rest_route=%2Fwp%2Fv2%2Ftags&post=5091"}],"curies":[{"name":"wp","href":"https:\/\/api.w.org\/{rel}","templated":true}]}}