{"id":5095,"date":"2021-12-23T12:45:21","date_gmt":"2021-12-23T12:45:21","guid":{"rendered":"http:\/\/csapokert.gorogkatolikus.hu\/?p=5095"},"modified":"2021-12-23T12:46:20","modified_gmt":"2021-12-23T12:46:20","slug":"karacsonyi-gyerekszaj-2","status":"publish","type":"post","link":"http:\/\/csapokert.gorogkatolikus.hu\/?p=5095","title":{"rendered":"Kar\u00e1csonyi gyereksz\u00e1j 2"},"content":{"rendered":"<p><a href=\"http:\/\/csapokert.gorogkatolikus.hu\/wp-content\/uploads\/2021\/12\/thumbs_b_c_fe60662ed7bb7a60d26a2f863ecbc4e8.jpg\"><img decoding=\"async\" loading=\"lazy\" class=\"alignleft wp-image-5096\" src=\"http:\/\/csapokert.gorogkatolikus.hu\/wp-content\/uploads\/2021\/12\/thumbs_b_c_fe60662ed7bb7a60d26a2f863ecbc4e8.jpg\" alt=\"\" width=\"304\" height=\"171\" srcset=\"http:\/\/csapokert.gorogkatolikus.hu\/wp-content\/uploads\/2021\/12\/thumbs_b_c_fe60662ed7bb7a60d26a2f863ecbc4e8.jpg 864w, http:\/\/csapokert.gorogkatolikus.hu\/wp-content\/uploads\/2021\/12\/thumbs_b_c_fe60662ed7bb7a60d26a2f863ecbc4e8-300x169.jpg 300w, http:\/\/csapokert.gorogkatolikus.hu\/wp-content\/uploads\/2021\/12\/thumbs_b_c_fe60662ed7bb7a60d26a2f863ecbc4e8-768x432.jpg 768w, http:\/\/csapokert.gorogkatolikus.hu\/wp-content\/uploads\/2021\/12\/thumbs_b_c_fe60662ed7bb7a60d26a2f863ecbc4e8-634x357.jpg 634w\" sizes=\"(max-width: 304px) 100vw, 304px\" \/><\/a><\/p>\n<p>&nbsp;<\/p>\n<h6>\u00a0\u00a0\u00a0\u00a0\u00a0\u00a0\u00a0\u00a0\u00a0\u00a0\u00a0 A kar\u00e1csonynak nem az aj\u00e1nd\u00e9k a l\u00e9nyege, hanem az, hogy adsz m\u00e1snak, \u00e9s boldogg\u00e1 teszi, amit kap t\u0151led.<\/h6>\n<h6 style=\"text-align: right;\">(Botond 5. oszt\u00e1ly)<\/h6>\n<h6><\/h6>\n<p>&nbsp;<\/p>\n<h6>\u00a0\u00a0\u00a0\u00a0\u00a0\u00a0\u00a0\u00a0\u00a0\u00a0\u00a0 A kar\u00e1csony l\u00e9nyege, hogy mindenki lass\u00edtson, mert a mai vil\u00e1gban nagyon gyors minden, \u00e9s alig vagyunk egy\u00fctt. \u00c9ppen ez\u00e9rt megy\u00fcnk minden \u00e9vben nagysz\u00fcleinkhez, hab\u00e1r tavaly csak az interneten kereszt\u00fcl siker\u00fclt, m\u00e9gis \u00fagy \u00e9reztem megvan az a szeretet, amit a kar\u00e1csonyt k\u00fcl\u00f6nlegess\u00e9 teszi. A kar\u00e1csony nem arra van, hogy a kapzsis\u00e1got n\u00f6velje.<\/h6>\n<h6 style=\"text-align: right;\">(R\u00e9ka 5. oszt\u00e1ly)<\/h6>\n<h6><\/h6>\n<p><!--more--><\/p>\n<p>&nbsp;<\/p>\n<h6>\u00a0\u00a0\u00a0\u00a0\u00a0\u00a0\u00a0\u00a0\u00a0\u00a0\u00a0 A kar\u00e1csonyban az a legszebb, amikor a csal\u00e1dommal vagyok, \u00e9s d\u00edsz\u00edtj\u00fck a f\u00e1t. A kar\u00e1csonyi mis\u00e9t is szeretem, mert gy\u00f6ny\u00f6r\u0171 \u00e9s hangulatos. Az aj\u00e1nd\u00e9koz\u00e1sban az is j\u00f3, hogy nem csak kapunk, hanem adunk is. Gy\u00f6ny\u00f6r\u0171ek a d\u00edszek a fa \u00e9s a hangulat is remek. Ez nem az \u00f6nz\u00e9s \u00fcnnepe. Ne tegy\u00fck t\u00f6nkre!<\/h6>\n<h6 style=\"text-align: right;\">(J\u00e1zmin 5. oszt\u00e1ly)<\/h6>\n<h6><\/h6>\n<p>&nbsp;<\/p>\n<h6>\u00a0\u00a0\u00a0\u00a0\u00a0\u00a0\u00a0\u00a0\u00a0\u00a0\u00a0 Minden kar\u00e1csonykor engem, de \u00e1ltal\u00e1ban a kistes\u00f3mat bek\u00fcldik a szob\u00e1ba, az\u00e9rt, mert \u201eszell\u0151ztetnek\u201d, de k\u00f6zben berakj\u00e1k a fa al\u00e1 az aj\u00e1nd\u00e9kokat. Ha azt mondj\u00e1k, hogy: kar\u00e1csony \u2013 kiz\u00e1rt, hogy ne jusson eszembe a hal\u00e1szl\u00e9, hiszen minden kar\u00e1csonykor ugyanakkor, ugyanolyan nagy adagot f\u0151z a nagyap\u00e1m.<\/h6>\n<h6 style=\"text-align: right;\">(Hanna 6. oszt\u00e1ly)<\/h6>\n<h6><\/h6>\n<p>&nbsp;<\/p>\n<h6>\u00a0\u00a0\u00a0\u00a0\u00a0\u00a0\u00a0\u00a0\u00a0\u00a0\u00a0 A kar\u00e1csonyban az a legszebb, hogy J\u00e9zus megsz\u00fcletett, \u00e9s ezt az \u00fcnnepet a csal\u00e1dunkkal \u00fcnnepelhetj\u00fck. Szerintem elk\u00e9pzelhetetlen, hogy egy \u00e9vben ne legyen kar\u00e1csony. Ha nem volna kar\u00e1csony szerintem az emberek t\u00f6bbs\u00e9ge elveszten\u00e9 a J\u00e9zusba vetett hit\u00e9t.<\/h6>\n<h6 style=\"text-align: right;\">(Zoli 6. oszt\u00e1ly)<\/h6>\n<h6><\/h6>\n<p>&nbsp;<\/p>\n<h6>\u00a0\u00a0\u00a0\u00a0\u00a0\u00a0\u00a0\u00a0\u00a0\u00a0\u00a0 A kar\u00e1csonyban az a legszebb, hogy egy\u00fctt vagyunk \u00e9s s \u00e9nekl\u00fcnk. A mennyb\u0151l az angyalt mindig el\u00e9nekelj\u00fck, de term\u00e9szetesen rengeteg dalt mondunk.<\/h6>\n<h6 style=\"text-align: right;\">(Zs\u00f3fi 6. oszt\u00e1ly)<\/h6>\n<h6><\/h6>\n<p>&nbsp;<\/p>\n<h6>\u00a0\u00a0\u00a0\u00a0\u00a0\u00a0\u00a0\u00a0\u00a0\u00a0\u00a0 Kar\u00e1csonykor mindig megn\u00e9zz\u00fck a tv-ben a \u201eReszkessetek bet\u00f6r\u0151k!\u201d-et, amin mindenki nevet. Nagyon k\u00f6sz\u00f6n\u00f6m a J\u00f3istennek, hogy elk\u00fcldte nek\u00fcnk J\u00e9zus Krisztust. Amikor meggy\u00fajtjuk az utols\u00f3 gyerty\u00e1t, mindig im\u00e1tkozunk, \u00e9s mindenki mosolyog \u00e9s nevet.<\/h6>\n<h6 style=\"text-align: right;\">(D\u00e1vid 6.oszt\u00e1ly)<\/h6>\n<h6><\/h6>\n<p>&nbsp;<\/p>\n<h6>\u00a0\u00a0\u00a0\u00a0\u00a0\u00a0\u00a0\u00a0\u00a0\u00a0\u00a0 Kar\u00e1csonyban az a legszebb eml\u00e9kem, amikor egy\u00fctt volt a csal\u00e1d. Egy\u00fctt j\u00e1tszottam a sz\u00fcleimmel \u00e9s a testv\u00e9reimmel \u00e9s a keresztsz\u00fcleimmel. Ut\u00e1na kaptam egy vil\u00e1g\u00edt\u00f3 f\u00f6ldg\u00f6mb\u00f6t, mert nagyon szeretem a f\u00f6ldrajz ezen r\u00e9sz\u00e9t. Ezek k\u00f6zben kar\u00e1csonyi dalokat \u00e9nekelt\u00fcnk.<\/h6>\n<h6 style=\"text-align: right;\">(Zo\u00e1rd 6.oszt\u00e1ly)<\/h6>\n","protected":false},"excerpt":{"rendered":"<p>&nbsp; \u00a0\u00a0\u00a0\u00a0\u00a0\u00a0\u00a0\u00a0\u00a0\u00a0\u00a0 A kar\u00e1csonynak nem az aj\u00e1nd\u00e9k a l\u00e9nyege, hanem az, hogy adsz m\u00e1snak, \u00e9s boldogg\u00e1 teszi, amit kap t\u0151led. (Botond 5. oszt\u00e1ly) &nbsp; \u00a0\u00a0\u00a0\u00a0\u00a0\u00a0\u00a0\u00a0\u00a0\u00a0\u00a0 A kar\u00e1csony l\u00e9nyege, hogy mindenki lass\u00edtson, mert a mai vil\u00e1gban nagyon gyors minden, \u00e9s alig vagyunk egy\u00fctt. \u00c9ppen ez\u00e9rt megy\u00fcnk minden \u00e9vben nagysz\u00fcleinkhez, hab\u00e1r tavaly csak az interneten kereszt\u00fcl siker\u00fclt, [&hellip;]<\/p>\n","protected":false},"author":3,"featured_media":0,"comment_status":"closed","ping_status":"closed","sticky":false,"template":"","format":"standard","meta":{"ngg_post_thumbnail":0},"categories":[1],"tags":[],"_links":{"self":[{"href":"http:\/\/csapokert.gorogkatolikus.hu\/index.php?rest_route=\/wp\/v2\/posts\/5095"}],"collection":[{"href":"http:\/\/csapokert.gorogkatolikus.hu\/index.php?rest_route=\/wp\/v2\/posts"}],"about":[{"href":"http:\/\/csapokert.gorogkatolikus.hu\/index.php?rest_route=\/wp\/v2\/types\/post"}],"author":[{"embeddable":true,"href":"http:\/\/csapokert.gorogkatolikus.hu\/index.php?rest_route=\/wp\/v2\/users\/3"}],"replies":[{"embeddable":true,"href":"http:\/\/csapokert.gorogkatolikus.hu\/index.php?rest_route=%2Fwp%2Fv2%2Fcomments&post=5095"}],"version-history":[{"count":5,"href":"http:\/\/csapokert.gorogkatolikus.hu\/index.php?rest_route=\/wp\/v2\/posts\/5095\/revisions"}],"predecessor-version":[{"id":5101,"href":"http:\/\/csapokert.gorogkatolikus.hu\/index.php?rest_route=\/wp\/v2\/posts\/5095\/revisions\/5101"}],"wp:attachment":[{"href":"http:\/\/csapokert.gorogkatolikus.hu\/index.php?rest_route=%2Fwp%2Fv2%2Fmedia&parent=5095"}],"wp:term":[{"taxonomy":"category","embeddable":true,"href":"http:\/\/csapokert.gorogkatolikus.hu\/index.php?rest_route=%2Fwp%2Fv2%2Fcategories&post=5095"},{"taxonomy":"post_tag","embeddable":true,"href":"http:\/\/csapokert.gorogkatolikus.hu\/index.php?rest_route=%2Fwp%2Fv2%2Ftags&post=5095"}],"curies":[{"name":"wp","href":"https:\/\/api.w.org\/{rel}","templated":true}]}}