{"id":5102,"date":"2021-12-25T17:30:06","date_gmt":"2021-12-25T17:30:06","guid":{"rendered":"http:\/\/csapokert.gorogkatolikus.hu\/?p=5102"},"modified":"2021-12-25T17:30:06","modified_gmt":"2021-12-25T17:30:06","slug":"megszuletett-az-ur-krisztus-david-varosaban","status":"publish","type":"post","link":"http:\/\/csapokert.gorogkatolikus.hu\/?p=5102","title":{"rendered":"Megsz\u00fcletett az \u00dar Krisztus, D\u00e1vid v\u00e1ros\u00e1ban"},"content":{"rendered":"<p><a href=\"http:\/\/csapokert.gorogkatolikus.hu\/wp-content\/uploads\/2021\/12\/D4M_6659.jpg\"><img decoding=\"async\" loading=\"lazy\" class=\"alignleft  wp-image-5103\" src=\"http:\/\/csapokert.gorogkatolikus.hu\/wp-content\/uploads\/2021\/12\/D4M_6659.jpg\" alt=\"\" width=\"416\" height=\"277\" srcset=\"http:\/\/csapokert.gorogkatolikus.hu\/wp-content\/uploads\/2021\/12\/D4M_6659.jpg 4620w, http:\/\/csapokert.gorogkatolikus.hu\/wp-content\/uploads\/2021\/12\/D4M_6659-300x200.jpg 300w, http:\/\/csapokert.gorogkatolikus.hu\/wp-content\/uploads\/2021\/12\/D4M_6659-768x511.jpg 768w, http:\/\/csapokert.gorogkatolikus.hu\/wp-content\/uploads\/2021\/12\/D4M_6659-1024x682.jpg 1024w, http:\/\/csapokert.gorogkatolikus.hu\/wp-content\/uploads\/2021\/12\/D4M_6659-634x422.jpg 634w, http:\/\/csapokert.gorogkatolikus.hu\/wp-content\/uploads\/2021\/12\/D4M_6659-924x615.jpg 924w\" sizes=\"(max-width: 416px) 100vw, 416px\" \/><\/a><\/p>\n<h6>\u00a0 \u00a0 \u00a0 \u00a0 A kar\u00e1csonyi miszt\u00e9rium val\u00f3s\u00e1gg\u00e1 v\u00e1lt Csap\u00f3kertben is gyermekeink betlehemes j\u00e1t\u00e9ka nyom\u00e1n. Egy r\u00f6vid k\u00e9pes besz\u00e1mol\u00f3j\u00e1t k\u00fcldj\u00fck ennek a nagy titoknak al\u00e1bb.<\/h6>\n<h6><\/h6>\n<p>&nbsp;<\/p>\n<p>&nbsp;<\/p>\n<p>&nbsp;<\/p>\n<p><!--more--><\/p>\n<p>&nbsp;<\/p>\n<p><a href=\"http:\/\/csapokert.gorogkatolikus.hu\/wp-content\/uploads\/2021\/12\/D4M_6640.jpg\"><img decoding=\"async\" loading=\"lazy\" class=\"alignleft  wp-image-5105\" src=\"http:\/\/csapokert.gorogkatolikus.hu\/wp-content\/uploads\/2021\/12\/D4M_6640.jpg\" alt=\"\" width=\"374\" height=\"249\" srcset=\"http:\/\/csapokert.gorogkatolikus.hu\/wp-content\/uploads\/2021\/12\/D4M_6640.jpg 4928w, http:\/\/csapokert.gorogkatolikus.hu\/wp-content\/uploads\/2021\/12\/D4M_6640-300x200.jpg 300w, http:\/\/csapokert.gorogkatolikus.hu\/wp-content\/uploads\/2021\/12\/D4M_6640-768x511.jpg 768w, http:\/\/csapokert.gorogkatolikus.hu\/wp-content\/uploads\/2021\/12\/D4M_6640-1024x682.jpg 1024w, http:\/\/csapokert.gorogkatolikus.hu\/wp-content\/uploads\/2021\/12\/D4M_6640-634x422.jpg 634w, http:\/\/csapokert.gorogkatolikus.hu\/wp-content\/uploads\/2021\/12\/D4M_6640-924x615.jpg 924w\" sizes=\"(max-width: 374px) 100vw, 374px\" \/><\/a><a href=\"http:\/\/csapokert.gorogkatolikus.hu\/wp-content\/uploads\/2021\/12\/D4M_6646.jpg\"><img decoding=\"async\" loading=\"lazy\" class=\"alignleft  wp-image-5104\" src=\"http:\/\/csapokert.gorogkatolikus.hu\/wp-content\/uploads\/2021\/12\/D4M_6646.jpg\" alt=\"\" width=\"368\" height=\"245\" srcset=\"http:\/\/csapokert.gorogkatolikus.hu\/wp-content\/uploads\/2021\/12\/D4M_6646.jpg 4166w, http:\/\/csapokert.gorogkatolikus.hu\/wp-content\/uploads\/2021\/12\/D4M_6646-300x200.jpg 300w, http:\/\/csapokert.gorogkatolikus.hu\/wp-content\/uploads\/2021\/12\/D4M_6646-768x511.jpg 768w, http:\/\/csapokert.gorogkatolikus.hu\/wp-content\/uploads\/2021\/12\/D4M_6646-1024x682.jpg 1024w, http:\/\/csapokert.gorogkatolikus.hu\/wp-content\/uploads\/2021\/12\/D4M_6646-634x422.jpg 634w, http:\/\/csapokert.gorogkatolikus.hu\/wp-content\/uploads\/2021\/12\/D4M_6646-924x615.jpg 924w\" sizes=\"(max-width: 368px) 100vw, 368px\" \/><\/a><\/p>\n<p>&nbsp;<\/p>\n<p>&nbsp;<\/p>\n<p><a href=\"http:\/\/csapokert.gorogkatolikus.hu\/wp-content\/uploads\/2021\/12\/D4M_6641.jpg\"><\/a><a href=\"http:\/\/csapokert.gorogkatolikus.hu\/wp-content\/uploads\/2021\/12\/D4M_6638.jpg\"><img decoding=\"async\" loading=\"lazy\" class=\"alignleft  wp-image-5106\" src=\"http:\/\/csapokert.gorogkatolikus.hu\/wp-content\/uploads\/2021\/12\/D4M_6638.jpg\" alt=\"\" width=\"381\" height=\"253\" srcset=\"http:\/\/csapokert.gorogkatolikus.hu\/wp-content\/uploads\/2021\/12\/D4M_6638.jpg 4680w, http:\/\/csapokert.gorogkatolikus.hu\/wp-content\/uploads\/2021\/12\/D4M_6638-300x200.jpg 300w, http:\/\/csapokert.gorogkatolikus.hu\/wp-content\/uploads\/2021\/12\/D4M_6638-768x511.jpg 768w, http:\/\/csapokert.gorogkatolikus.hu\/wp-content\/uploads\/2021\/12\/D4M_6638-1024x682.jpg 1024w, http:\/\/csapokert.gorogkatolikus.hu\/wp-content\/uploads\/2021\/12\/D4M_6638-634x422.jpg 634w, http:\/\/csapokert.gorogkatolikus.hu\/wp-content\/uploads\/2021\/12\/D4M_6638-924x615.jpg 924w\" sizes=\"(max-width: 381px) 100vw, 381px\" \/><\/a><a href=\"http:\/\/csapokert.gorogkatolikus.hu\/wp-content\/uploads\/2021\/12\/D4M_6620.jpg\"><\/a><a href=\"http:\/\/csapokert.gorogkatolikus.hu\/wp-content\/uploads\/2021\/12\/D4M_6613.jpg\"><img decoding=\"async\" loading=\"lazy\" class=\"alignleft  wp-image-5109\" src=\"http:\/\/csapokert.gorogkatolikus.hu\/wp-content\/uploads\/2021\/12\/D4M_6613.jpg\" alt=\"\" width=\"382\" height=\"254\" srcset=\"http:\/\/csapokert.gorogkatolikus.hu\/wp-content\/uploads\/2021\/12\/D4M_6613.jpg 4928w, http:\/\/csapokert.gorogkatolikus.hu\/wp-content\/uploads\/2021\/12\/D4M_6613-300x200.jpg 300w, http:\/\/csapokert.gorogkatolikus.hu\/wp-content\/uploads\/2021\/12\/D4M_6613-768x511.jpg 768w, http:\/\/csapokert.gorogkatolikus.hu\/wp-content\/uploads\/2021\/12\/D4M_6613-1024x682.jpg 1024w, http:\/\/csapokert.gorogkatolikus.hu\/wp-content\/uploads\/2021\/12\/D4M_6613-634x422.jpg 634w, http:\/\/csapokert.gorogkatolikus.hu\/wp-content\/uploads\/2021\/12\/D4M_6613-924x615.jpg 924w\" sizes=\"(max-width: 382px) 100vw, 382px\" \/><\/a><a href=\"http:\/\/csapokert.gorogkatolikus.hu\/wp-content\/uploads\/2021\/12\/D4M_6620.jpg\"><img decoding=\"async\" loading=\"lazy\" class=\"alignleft  wp-image-5108\" src=\"http:\/\/csapokert.gorogkatolikus.hu\/wp-content\/uploads\/2021\/12\/D4M_6620.jpg\" alt=\"\" width=\"379\" height=\"252\" srcset=\"http:\/\/csapokert.gorogkatolikus.hu\/wp-content\/uploads\/2021\/12\/D4M_6620.jpg 4471w, http:\/\/csapokert.gorogkatolikus.hu\/wp-content\/uploads\/2021\/12\/D4M_6620-300x200.jpg 300w, http:\/\/csapokert.gorogkatolikus.hu\/wp-content\/uploads\/2021\/12\/D4M_6620-768x511.jpg 768w, http:\/\/csapokert.gorogkatolikus.hu\/wp-content\/uploads\/2021\/12\/D4M_6620-1024x682.jpg 1024w, http:\/\/csapokert.gorogkatolikus.hu\/wp-content\/uploads\/2021\/12\/D4M_6620-634x422.jpg 634w, http:\/\/csapokert.gorogkatolikus.hu\/wp-content\/uploads\/2021\/12\/D4M_6620-924x615.jpg 924w\" sizes=\"(max-width: 379px) 100vw, 379px\" \/><\/a><\/p>\n<p>&nbsp;<\/p>\n","protected":false},"excerpt":{"rendered":"<p>\u00a0 \u00a0 \u00a0 \u00a0 A kar\u00e1csonyi miszt\u00e9rium val\u00f3s\u00e1gg\u00e1 v\u00e1lt Csap\u00f3kertben is gyermekeink betlehemes j\u00e1t\u00e9ka nyom\u00e1n. Egy r\u00f6vid k\u00e9pes besz\u00e1mol\u00f3j\u00e1t k\u00fcldj\u00fck ennek a nagy titoknak al\u00e1bb. &nbsp; &nbsp; &nbsp;<\/p>\n","protected":false},"author":3,"featured_media":0,"comment_status":"closed","ping_status":"closed","sticky":false,"template":"","format":"standard","meta":{"ngg_post_thumbnail":0},"categories":[1],"tags":[],"_links":{"self":[{"href":"http:\/\/csapokert.gorogkatolikus.hu\/index.php?rest_route=\/wp\/v2\/posts\/5102"}],"collection":[{"href":"http:\/\/csapokert.gorogkatolikus.hu\/index.php?rest_route=\/wp\/v2\/posts"}],"about":[{"href":"http:\/\/csapokert.gorogkatolikus.hu\/index.php?rest_route=\/wp\/v2\/types\/post"}],"author":[{"embeddable":true,"href":"http:\/\/csapokert.gorogkatolikus.hu\/index.php?rest_route=\/wp\/v2\/users\/3"}],"replies":[{"embeddable":true,"href":"http:\/\/csapokert.gorogkatolikus.hu\/index.php?rest_route=%2Fwp%2Fv2%2Fcomments&post=5102"}],"version-history":[{"count":1,"href":"http:\/\/csapokert.gorogkatolikus.hu\/index.php?rest_route=\/wp\/v2\/posts\/5102\/revisions"}],"predecessor-version":[{"id":5110,"href":"http:\/\/csapokert.gorogkatolikus.hu\/index.php?rest_route=\/wp\/v2\/posts\/5102\/revisions\/5110"}],"wp:attachment":[{"href":"http:\/\/csapokert.gorogkatolikus.hu\/index.php?rest_route=%2Fwp%2Fv2%2Fmedia&parent=5102"}],"wp:term":[{"taxonomy":"category","embeddable":true,"href":"http:\/\/csapokert.gorogkatolikus.hu\/index.php?rest_route=%2Fwp%2Fv2%2Fcategories&post=5102"},{"taxonomy":"post_tag","embeddable":true,"href":"http:\/\/csapokert.gorogkatolikus.hu\/index.php?rest_route=%2Fwp%2Fv2%2Ftags&post=5102"}],"curies":[{"name":"wp","href":"https:\/\/api.w.org\/{rel}","templated":true}]}}