{"id":5111,"date":"2021-12-26T06:45:22","date_gmt":"2021-12-26T06:45:22","guid":{"rendered":"http:\/\/csapokert.gorogkatolikus.hu\/?p=5111"},"modified":"2021-12-26T06:45:22","modified_gmt":"2021-12-26T06:45:22","slug":"a-betlehemi-langot-orizzuk-templomunkban","status":"publish","type":"post","link":"http:\/\/csapokert.gorogkatolikus.hu\/?p=5111","title":{"rendered":"A &#8222;Betlehemi L\u00e1ngot&#8221; \u0151rizz\u00fck templomunkban"},"content":{"rendered":"<p>&nbsp;<\/p>\n<p><a style=\"text-decoration-line: none;\" href=\"http:\/\/csapokert.gorogkatolikus.hu\/wp-content\/uploads\/2021\/12\/225041.p.jpg\"><img decoding=\"async\" loading=\"lazy\" class=\"alignleft  wp-image-5112\" src=\"http:\/\/csapokert.gorogkatolikus.hu\/wp-content\/uploads\/2021\/12\/225041.p.jpg\" alt=\"\" width=\"394\" height=\"295\" srcset=\"http:\/\/csapokert.gorogkatolikus.hu\/wp-content\/uploads\/2021\/12\/225041.p.jpg 700w, http:\/\/csapokert.gorogkatolikus.hu\/wp-content\/uploads\/2021\/12\/225041.p-300x225.jpg 300w, http:\/\/csapokert.gorogkatolikus.hu\/wp-content\/uploads\/2021\/12\/225041.p-634x476.jpg 634w\" sizes=\"(max-width: 394px) 100vw, 394px\" \/><\/a><\/p>\n<p>&nbsp;<\/p>\n<p>&nbsp;<\/p>\n<h6>\u00a0 \u00a0 \u00a0 \u00a0 \u00a0\u00d6r\u00f6mmel osztjuk meg a h\u00edrt, hogy meg\u00e9rkezett a &#8222;Betlehemi L\u00e1ng&#8221; templomunkba. Kar\u00e1csony \u00fcnnepk\u00f6r\u00e9ben itt \u0151rizz\u00fck. MInden gyerty\u00e1t \u00e9s m\u00e9csest err\u0151l a L\u00e1ngr\u00f3l gy\u00fajtunk meg. B\u00e1rki nyugodtan egy m\u00e9csessel hazaviheti, hogy szentebb\u00e9, b\u00e9k\u00e9sebb\u00e9 tegye az otthoni \u00fcnnep\u00e9t is.<\/h6>\n<p>&nbsp;<\/p>\n","protected":false},"excerpt":{"rendered":"<p>&nbsp; &nbsp; &nbsp; \u00a0 \u00a0 \u00a0 \u00a0 \u00a0\u00d6r\u00f6mmel osztjuk meg a h\u00edrt, hogy meg\u00e9rkezett a &#8222;Betlehemi L\u00e1ng&#8221; templomunkba. Kar\u00e1csony \u00fcnnepk\u00f6r\u00e9ben itt \u0151rizz\u00fck. MInden gyerty\u00e1t \u00e9s m\u00e9csest err\u0151l a L\u00e1ngr\u00f3l gy\u00fajtunk meg. B\u00e1rki nyugodtan egy m\u00e9csessel hazaviheti, hogy szentebb\u00e9, b\u00e9k\u00e9sebb\u00e9 tegye az otthoni \u00fcnnep\u00e9t is. &nbsp;<\/p>\n","protected":false},"author":3,"featured_media":0,"comment_status":"closed","ping_status":"closed","sticky":false,"template":"","format":"standard","meta":{"ngg_post_thumbnail":0},"categories":[1],"tags":[],"_links":{"self":[{"href":"http:\/\/csapokert.gorogkatolikus.hu\/index.php?rest_route=\/wp\/v2\/posts\/5111"}],"collection":[{"href":"http:\/\/csapokert.gorogkatolikus.hu\/index.php?rest_route=\/wp\/v2\/posts"}],"about":[{"href":"http:\/\/csapokert.gorogkatolikus.hu\/index.php?rest_route=\/wp\/v2\/types\/post"}],"author":[{"embeddable":true,"href":"http:\/\/csapokert.gorogkatolikus.hu\/index.php?rest_route=\/wp\/v2\/users\/3"}],"replies":[{"embeddable":true,"href":"http:\/\/csapokert.gorogkatolikus.hu\/index.php?rest_route=%2Fwp%2Fv2%2Fcomments&post=5111"}],"version-history":[{"count":1,"href":"http:\/\/csapokert.gorogkatolikus.hu\/index.php?rest_route=\/wp\/v2\/posts\/5111\/revisions"}],"predecessor-version":[{"id":5113,"href":"http:\/\/csapokert.gorogkatolikus.hu\/index.php?rest_route=\/wp\/v2\/posts\/5111\/revisions\/5113"}],"wp:attachment":[{"href":"http:\/\/csapokert.gorogkatolikus.hu\/index.php?rest_route=%2Fwp%2Fv2%2Fmedia&parent=5111"}],"wp:term":[{"taxonomy":"category","embeddable":true,"href":"http:\/\/csapokert.gorogkatolikus.hu\/index.php?rest_route=%2Fwp%2Fv2%2Fcategories&post=5111"},{"taxonomy":"post_tag","embeddable":true,"href":"http:\/\/csapokert.gorogkatolikus.hu\/index.php?rest_route=%2Fwp%2Fv2%2Ftags&post=5111"}],"curies":[{"name":"wp","href":"https:\/\/api.w.org\/{rel}","templated":true}]}}