{"id":5159,"date":"2022-06-22T18:46:45","date_gmt":"2022-06-22T18:46:45","guid":{"rendered":"http:\/\/csapokert.gorogkatolikus.hu\/?p=5159"},"modified":"2022-06-22T21:09:12","modified_gmt":"2022-06-22T21:09:12","slug":"templombucsu-es-diakonusszenteles","status":"publish","type":"post","link":"http:\/\/csapokert.gorogkatolikus.hu\/?p=5159","title":{"rendered":"Templomb\u00facs\u00fa \u00e9s diak\u00f3nusszentel\u00e9s"},"content":{"rendered":"<pre>\u00a0 \u00a0 \u00a02022. j\u00falius 3-\u00e1n vas\u00e1rnap \u00fcnnepelj\u00fck templomunk felszentel\u00e9s\u00e9nek b\u00fa<a href=\"http:\/\/csapokert.gorogkatolikus.hu\/wp-content\/uploads\/2022\/06\/image_50371585.jpg\"><img decoding=\"async\" loading=\"lazy\" class=\"alignleft wp-image-5160\" src=\"http:\/\/csapokert.gorogkatolikus.hu\/wp-content\/uploads\/2022\/06\/image_50371585-680x1024.jpg\" alt=\"\" width=\"122\" height=\"184\" srcset=\"http:\/\/csapokert.gorogkatolikus.hu\/wp-content\/uploads\/2022\/06\/image_50371585-680x1024.jpg 680w, http:\/\/csapokert.gorogkatolikus.hu\/wp-content\/uploads\/2022\/06\/image_50371585-199x300.jpg 199w, http:\/\/csapokert.gorogkatolikus.hu\/wp-content\/uploads\/2022\/06\/image_50371585-768x1157.jpg 768w, http:\/\/csapokert.gorogkatolikus.hu\/wp-content\/uploads\/2022\/06\/image_50371585-634x955.jpg 634w, http:\/\/csapokert.gorogkatolikus.hu\/wp-content\/uploads\/2022\/06\/image_50371585-924x1392.jpg 924w\" sizes=\"(max-width: 122px) 100vw, 122px\" \/><\/a>cs\u00fa\u00fcnnep\u00e9t.<\/pre>\n<pre>Ugyanezen alkalommal szenteli Kocsis F\u00fcl\u00f6p \u00e9rsek-metropolita atya, Gedeon Tam\u00e1s testv\u00e9r\u00fcnket diakonuss\u00e1.\r\n\r\n\u00a0Az utrenye 9.30 kor, a Szent Liturgia <strong>11.00-kor<\/strong> kezd\u0151dik.\r\n\r\n\u00a0Im\u00e1dkozzunk, hogy a Szentl\u00e9lek \u00e1ld\u00e1sa sz\u00e1lljon a szentelend\u0151 alszerpapra, \u00e9s kegyelmeivel gazdagon halmozza el csal\u00e1dj\u00e1t is.\r\n\r\n\u00a0\u00a0A szentel\u00e9s ut\u00e1n mindenkit v\u00e1runk szeretettel az azt k\u00f6vet\u0151 \u00fcnnepl\u00e9sre is.<\/pre>\n","protected":false},"excerpt":{"rendered":"<p>\u00a0 \u00a0 \u00a02022. j\u00falius 3-\u00e1n vas\u00e1rnap \u00fcnnepelj\u00fck templomunk felszentel\u00e9s\u00e9nek b\u00facs\u00fa\u00fcnnep\u00e9t. Ugyanezen alkalommal szenteli Kocsis F\u00fcl\u00f6p \u00e9rsek-metropolita atya, Gedeon Tam\u00e1s testv\u00e9r\u00fcnket diakonuss\u00e1. \u00a0Az utrenye 9.30 kor, a Szent Liturgia 11.00-kor kezd\u0151dik. \u00a0Im\u00e1dkozzunk, hogy a Szentl\u00e9lek \u00e1ld\u00e1sa sz\u00e1lljon a szentelend\u0151 alszerpapra, \u00e9s kegyelmeivel gazdagon halmozza el csal\u00e1dj\u00e1t is. \u00a0\u00a0A szentel\u00e9s ut\u00e1n mindenkit v\u00e1runk szeretettel az azt k\u00f6vet\u0151 [&hellip;]<\/p>\n","protected":false},"author":3,"featured_media":0,"comment_status":"closed","ping_status":"closed","sticky":false,"template":"","format":"standard","meta":{"ngg_post_thumbnail":0},"categories":[1],"tags":[],"_links":{"self":[{"href":"http:\/\/csapokert.gorogkatolikus.hu\/index.php?rest_route=\/wp\/v2\/posts\/5159"}],"collection":[{"href":"http:\/\/csapokert.gorogkatolikus.hu\/index.php?rest_route=\/wp\/v2\/posts"}],"about":[{"href":"http:\/\/csapokert.gorogkatolikus.hu\/index.php?rest_route=\/wp\/v2\/types\/post"}],"author":[{"embeddable":true,"href":"http:\/\/csapokert.gorogkatolikus.hu\/index.php?rest_route=\/wp\/v2\/users\/3"}],"replies":[{"embeddable":true,"href":"http:\/\/csapokert.gorogkatolikus.hu\/index.php?rest_route=%2Fwp%2Fv2%2Fcomments&post=5159"}],"version-history":[{"count":8,"href":"http:\/\/csapokert.gorogkatolikus.hu\/index.php?rest_route=\/wp\/v2\/posts\/5159\/revisions"}],"predecessor-version":[{"id":5168,"href":"http:\/\/csapokert.gorogkatolikus.hu\/index.php?rest_route=\/wp\/v2\/posts\/5159\/revisions\/5168"}],"wp:attachment":[{"href":"http:\/\/csapokert.gorogkatolikus.hu\/index.php?rest_route=%2Fwp%2Fv2%2Fmedia&parent=5159"}],"wp:term":[{"taxonomy":"category","embeddable":true,"href":"http:\/\/csapokert.gorogkatolikus.hu\/index.php?rest_route=%2Fwp%2Fv2%2Fcategories&post=5159"},{"taxonomy":"post_tag","embeddable":true,"href":"http:\/\/csapokert.gorogkatolikus.hu\/index.php?rest_route=%2Fwp%2Fv2%2Ftags&post=5159"}],"curies":[{"name":"wp","href":"https:\/\/api.w.org\/{rel}","templated":true}]}}