{"id":5220,"date":"2022-07-12T22:44:11","date_gmt":"2022-07-12T22:44:11","guid":{"rendered":"http:\/\/csapokert.gorogkatolikus.hu\/?p=5220"},"modified":"2022-08-04T09:45:36","modified_gmt":"2022-08-04T09:45:36","slug":"gedeon-tamas-diakonusszentelese-a-templombucsun","status":"publish","type":"post","link":"http:\/\/csapokert.gorogkatolikus.hu\/?p=5220","title":{"rendered":"Gedeon Tam\u00e1s di\u00e1konusszentel\u00e9se a templomb\u00facs\u00fan"},"content":{"rendered":"<p><a href=\"http:\/\/csapokert.gorogkatolikus.hu\/wp-content\/uploads\/2022\/07\/292330978_5346753752047337_7107172483720431011_n.jpg\"><img decoding=\"async\" loading=\"lazy\" class=\"alignleft wp-image-5218\" src=\"http:\/\/csapokert.gorogkatolikus.hu\/wp-content\/uploads\/2022\/07\/292330978_5346753752047337_7107172483720431011_n-682x1024.jpg\" alt=\"\" width=\"432\" height=\"649\" srcset=\"http:\/\/csapokert.gorogkatolikus.hu\/wp-content\/uploads\/2022\/07\/292330978_5346753752047337_7107172483720431011_n-682x1024.jpg 682w, http:\/\/csapokert.gorogkatolikus.hu\/wp-content\/uploads\/2022\/07\/292330978_5346753752047337_7107172483720431011_n-200x300.jpg 200w, http:\/\/csapokert.gorogkatolikus.hu\/wp-content\/uploads\/2022\/07\/292330978_5346753752047337_7107172483720431011_n-768x1153.jpg 768w, http:\/\/csapokert.gorogkatolikus.hu\/wp-content\/uploads\/2022\/07\/292330978_5346753752047337_7107172483720431011_n-634x952.jpg 634w, http:\/\/csapokert.gorogkatolikus.hu\/wp-content\/uploads\/2022\/07\/292330978_5346753752047337_7107172483720431011_n-924x1387.jpg 924w, http:\/\/csapokert.gorogkatolikus.hu\/wp-content\/uploads\/2022\/07\/292330978_5346753752047337_7107172483720431011_n.jpg 1364w\" sizes=\"(max-width: 432px) 100vw, 432px\" \/><\/a><\/p>\n<p>&nbsp;<\/p>\n<p>A templomb\u00facs\u00fa mindig kiemelt helyet foglal el egy egyh\u00e1zk\u00f6zs\u00e9g \u00e9let\u00e9ben, meghat\u00e1rozza annak liturgikus \u00e9v\u00e9t \u00e9s \u00e9let\u00e9t. A Debrecen-Csap\u00f3kerti templomba j\u00e1r\u00f3 h\u00edvek minden \u00e9vben nagy v\u00e1rakoz\u00e1ssal tekintenek P\u00e9ter \u00e9s P\u00e1l f\u0151apostolok \u00fcnnep\u00e9re. Id\u00e9n azonban m\u00e9g a megszokottn\u00e1l is f\u00e9nyesebb, \u00e9s \u00fcnnep\u00e9lyesebb volt ez a k\u00f6z\u00f6ss\u00e9g sz\u00e1m\u00e1ra. Az eddig k\u00e1ntork\u00e9nt szolg\u00e1l\u00f3 alszerpapot Gedeon Tam\u00e1st, Kocsis F\u00fcl\u00f6p metropolita atya diak\u00f3nuss\u00e1 szentelte. M\u00e1r az utreny\u00e9n is t\u00f6bben vettek r\u00e9szt, mint egy \u00e1tlag vas\u00e1rnapon, viszont a Szent Liturgi\u00e1n kifejezetten \u00e9rz\u0151d\u00f6tt, hogy egy jelent\u0151s \u00e9s nagy esem\u00e9nyre gy\u0171ltek \u00f6ssze a h\u00edvek. Az orsz\u00e1g k\u00fcl\u00f6nb\u00f6z\u0151 pontjair\u00f3l gy\u0171ltek \u00f6ssze h\u00edvek, bar\u00e1tok, rokonok \u00e9s aty\u00e1k, hogy a szentelend\u0151vel \u00e9s az egyh\u00e1zk\u00f6z\u00f6ss\u00e9ggel egy\u00fctt \u00fcnnepelj\u00e9k meg a Szent Liturgi\u00e1t.<\/p>\n<p><!--more--><\/p>\n<p>&nbsp;<\/p>\n<p>Az egyh\u00e1zi rend szents\u00e9g\u00e9nek els\u0151 fokozata a diak\u00f3nus\u00e9. \u201eA diak\u00f3nus m\u00e1r az olt\u00e1rn\u00e1l szolg\u00e1l, k\u00f6veti az egyh\u00e1z el\u0151\u00edr\u00e1sait \u00e9s \u00edgy tudja k\u00f6zelebb vinni a h\u00edveket Istenhez.\u201d emelte ki besz\u00e9d\u00e9ben a metropolita. A hangosan \u00e9nekelt Axiosz (m\u00e9lt\u00f3) arra ir\u00e1ny\u00edtja a h\u00edvek figyelm\u00e9t, hogy az Egyh\u00e1z egy\u00a0\u00faj szolg\u00e1lattev\u0151vel gazdagodott, akinek feladata, hogy al\u00e1zattal, engedelmesen v\u00e9gzett szolg\u00e1lata \u00e1ltal seg\u00edtse k\u00f6zelebb az embereket az \u00darhoz. A hagyom\u00e1nyos b\u00facs\u00fai k\u00f6rmenet ut\u00e1n a nagysz\u00e1m\u00fa h\u00edv\u0151sereg k\u00f6z\u00f6s szeretetvend\u00e9gs\u00e9gen vett r\u00e9szt, \u00edgy t\u00e9ve teljess\u00e9 a k\u00f6z\u00f6s \u00fcnnepl\u00e9st.<\/p>\n<p>&nbsp;<\/p>\n<p>&nbsp;<\/p>\n<p>&nbsp;<\/p>\n<p>&nbsp;<\/p>\n<p><a style=\"text-decoration-line: none;\" href=\"http:\/\/csapokert.gorogkatolikus.hu\/wp-content\/uploads\/2022\/07\/292036307_5346757502046962_6189646714088101244_n.jpg\"><img decoding=\"async\" loading=\"lazy\" class=\"alignleft wp-image-5211 size-medium\" src=\"http:\/\/csapokert.gorogkatolikus.hu\/wp-content\/uploads\/2022\/07\/292036307_5346757502046962_6189646714088101244_n-300x200.jpg\" alt=\"\" width=\"300\" height=\"200\" srcset=\"http:\/\/csapokert.gorogkatolikus.hu\/wp-content\/uploads\/2022\/07\/292036307_5346757502046962_6189646714088101244_n-300x200.jpg 300w, http:\/\/csapokert.gorogkatolikus.hu\/wp-content\/uploads\/2022\/07\/292036307_5346757502046962_6189646714088101244_n-768x511.jpg 768w, http:\/\/csapokert.gorogkatolikus.hu\/wp-content\/uploads\/2022\/07\/292036307_5346757502046962_6189646714088101244_n-1024x682.jpg 1024w, http:\/\/csapokert.gorogkatolikus.hu\/wp-content\/uploads\/2022\/07\/292036307_5346757502046962_6189646714088101244_n-634x422.jpg 634w, http:\/\/csapokert.gorogkatolikus.hu\/wp-content\/uploads\/2022\/07\/292036307_5346757502046962_6189646714088101244_n-924x615.jpg 924w, http:\/\/csapokert.gorogkatolikus.hu\/wp-content\/uploads\/2022\/07\/292036307_5346757502046962_6189646714088101244_n.jpg 2048w\" sizes=\"(max-width: 300px) 100vw, 300px\" \/><\/a><img decoding=\"async\" loading=\"lazy\" class=\"alignleft wp-image-5210 size-medium\" src=\"http:\/\/csapokert.gorogkatolikus.hu\/wp-content\/uploads\/2022\/07\/291964179_5346762112046501_4483198085012754346_n-300x200.jpg\" alt=\"\" width=\"300\" height=\"200\" srcset=\"http:\/\/csapokert.gorogkatolikus.hu\/wp-content\/uploads\/2022\/07\/291964179_5346762112046501_4483198085012754346_n-300x200.jpg 300w, http:\/\/csapokert.gorogkatolikus.hu\/wp-content\/uploads\/2022\/07\/291964179_5346762112046501_4483198085012754346_n-768x511.jpg 768w, http:\/\/csapokert.gorogkatolikus.hu\/wp-content\/uploads\/2022\/07\/291964179_5346762112046501_4483198085012754346_n-1024x682.jpg 1024w, http:\/\/csapokert.gorogkatolikus.hu\/wp-content\/uploads\/2022\/07\/291964179_5346762112046501_4483198085012754346_n-634x422.jpg 634w, http:\/\/csapokert.gorogkatolikus.hu\/wp-content\/uploads\/2022\/07\/291964179_5346762112046501_4483198085012754346_n-924x615.jpg 924w, http:\/\/csapokert.gorogkatolikus.hu\/wp-content\/uploads\/2022\/07\/291964179_5346762112046501_4483198085012754346_n.jpg 2048w\" sizes=\"(max-width: 300px) 100vw, 300px\" \/><\/p>\n<p><a href=\"http:\/\/csapokert.gorogkatolikus.hu\/wp-content\/uploads\/2022\/07\/291698966_5346758328713546_8418800732788001534_n.jpg\"><img decoding=\"async\" loading=\"lazy\" class=\"alignleft wp-image-5206 size-medium\" src=\"http:\/\/csapokert.gorogkatolikus.hu\/wp-content\/uploads\/2022\/07\/291698966_5346758328713546_8418800732788001534_n-300x200.jpg\" alt=\"\" width=\"300\" height=\"200\" srcset=\"http:\/\/csapokert.gorogkatolikus.hu\/wp-content\/uploads\/2022\/07\/291698966_5346758328713546_8418800732788001534_n-300x200.jpg 300w, http:\/\/csapokert.gorogkatolikus.hu\/wp-content\/uploads\/2022\/07\/291698966_5346758328713546_8418800732788001534_n-768x511.jpg 768w, http:\/\/csapokert.gorogkatolikus.hu\/wp-content\/uploads\/2022\/07\/291698966_5346758328713546_8418800732788001534_n-1024x682.jpg 1024w, http:\/\/csapokert.gorogkatolikus.hu\/wp-content\/uploads\/2022\/07\/291698966_5346758328713546_8418800732788001534_n-634x422.jpg 634w, http:\/\/csapokert.gorogkatolikus.hu\/wp-content\/uploads\/2022\/07\/291698966_5346758328713546_8418800732788001534_n-924x615.jpg 924w, http:\/\/csapokert.gorogkatolikus.hu\/wp-content\/uploads\/2022\/07\/291698966_5346758328713546_8418800732788001534_n.jpg 2048w\" sizes=\"(max-width: 300px) 100vw, 300px\" \/><\/a> <img decoding=\"async\" loading=\"lazy\" class=\"alignleft wp-image-5199 size-medium\" src=\"http:\/\/csapokert.gorogkatolikus.hu\/wp-content\/uploads\/2022\/07\/290929962_5346761685379877_318835962440055957_n-300x200.jpg\" alt=\"\" width=\"300\" height=\"200\" srcset=\"http:\/\/csapokert.gorogkatolikus.hu\/wp-content\/uploads\/2022\/07\/290929962_5346761685379877_318835962440055957_n-300x200.jpg 300w, http:\/\/csapokert.gorogkatolikus.hu\/wp-content\/uploads\/2022\/07\/290929962_5346761685379877_318835962440055957_n-768x511.jpg 768w, http:\/\/csapokert.gorogkatolikus.hu\/wp-content\/uploads\/2022\/07\/290929962_5346761685379877_318835962440055957_n-1024x682.jpg 1024w, http:\/\/csapokert.gorogkatolikus.hu\/wp-content\/uploads\/2022\/07\/290929962_5346761685379877_318835962440055957_n-634x422.jpg 634w, http:\/\/csapokert.gorogkatolikus.hu\/wp-content\/uploads\/2022\/07\/290929962_5346761685379877_318835962440055957_n-924x615.jpg 924w, http:\/\/csapokert.gorogkatolikus.hu\/wp-content\/uploads\/2022\/07\/290929962_5346761685379877_318835962440055957_n.jpg 2048w\" sizes=\"(max-width: 300px) 100vw, 300px\" \/><\/p>\n<p>&nbsp;<\/p>\n","protected":false},"excerpt":{"rendered":"<p>&nbsp; A templomb\u00facs\u00fa mindig kiemelt helyet foglal el egy egyh\u00e1zk\u00f6zs\u00e9g \u00e9let\u00e9ben, meghat\u00e1rozza annak liturgikus \u00e9v\u00e9t \u00e9s \u00e9let\u00e9t. A Debrecen-Csap\u00f3kerti templomba j\u00e1r\u00f3 h\u00edvek minden \u00e9vben nagy v\u00e1rakoz\u00e1ssal tekintenek P\u00e9ter \u00e9s P\u00e1l f\u0151apostolok \u00fcnnep\u00e9re. Id\u00e9n azonban m\u00e9g a megszokottn\u00e1l is f\u00e9nyesebb, \u00e9s \u00fcnnep\u00e9lyesebb volt ez a k\u00f6z\u00f6ss\u00e9g sz\u00e1m\u00e1ra. Az eddig k\u00e1ntork\u00e9nt szolg\u00e1l\u00f3 alszerpapot Gedeon Tam\u00e1st, Kocsis F\u00fcl\u00f6p [&hellip;]<\/p>\n","protected":false},"author":3,"featured_media":0,"comment_status":"closed","ping_status":"closed","sticky":false,"template":"","format":"standard","meta":{"ngg_post_thumbnail":0},"categories":[1],"tags":[],"_links":{"self":[{"href":"http:\/\/csapokert.gorogkatolikus.hu\/index.php?rest_route=\/wp\/v2\/posts\/5220"}],"collection":[{"href":"http:\/\/csapokert.gorogkatolikus.hu\/index.php?rest_route=\/wp\/v2\/posts"}],"about":[{"href":"http:\/\/csapokert.gorogkatolikus.hu\/index.php?rest_route=\/wp\/v2\/types\/post"}],"author":[{"embeddable":true,"href":"http:\/\/csapokert.gorogkatolikus.hu\/index.php?rest_route=\/wp\/v2\/users\/3"}],"replies":[{"embeddable":true,"href":"http:\/\/csapokert.gorogkatolikus.hu\/index.php?rest_route=%2Fwp%2Fv2%2Fcomments&post=5220"}],"version-history":[{"count":6,"href":"http:\/\/csapokert.gorogkatolikus.hu\/index.php?rest_route=\/wp\/v2\/posts\/5220\/revisions"}],"predecessor-version":[{"id":5227,"href":"http:\/\/csapokert.gorogkatolikus.hu\/index.php?rest_route=\/wp\/v2\/posts\/5220\/revisions\/5227"}],"wp:attachment":[{"href":"http:\/\/csapokert.gorogkatolikus.hu\/index.php?rest_route=%2Fwp%2Fv2%2Fmedia&parent=5220"}],"wp:term":[{"taxonomy":"category","embeddable":true,"href":"http:\/\/csapokert.gorogkatolikus.hu\/index.php?rest_route=%2Fwp%2Fv2%2Fcategories&post=5220"},{"taxonomy":"post_tag","embeddable":true,"href":"http:\/\/csapokert.gorogkatolikus.hu\/index.php?rest_route=%2Fwp%2Fv2%2Ftags&post=5220"}],"curies":[{"name":"wp","href":"https:\/\/api.w.org\/{rel}","templated":true}]}}