{"id":596,"date":"2014-06-25T06:33:26","date_gmt":"2014-06-25T06:33:26","guid":{"rendered":"http:\/\/csapokert.gorogkatolikus.hu\/?p=596"},"modified":"2014-06-25T06:35:22","modified_gmt":"2014-06-25T06:35:22","slug":"templombucsu-csapokertben","status":"publish","type":"post","link":"http:\/\/csapokert.gorogkatolikus.hu\/?p=596","title":{"rendered":"Templomb\u00facs\u00fa Csap\u00f3kertben"},"content":{"rendered":"<p><a href=\"http:\/\/csapokert.gorogkatolikus.hu\/wp-content\/uploads\/2014\/06\/DSCF7972.jpg\"><img decoding=\"async\" loading=\"lazy\" class=\"size-medium wp-image-597 alignleft\" alt=\"DSCF7972\" src=\"http:\/\/csapokert.gorogkatolikus.hu\/wp-content\/uploads\/2014\/06\/DSCF7972-225x300.jpg\" width=\"225\" height=\"300\" srcset=\"http:\/\/csapokert.gorogkatolikus.hu\/wp-content\/uploads\/2014\/06\/DSCF7972-225x300.jpg 225w, http:\/\/csapokert.gorogkatolikus.hu\/wp-content\/uploads\/2014\/06\/DSCF7972-768x1024.jpg 768w, http:\/\/csapokert.gorogkatolikus.hu\/wp-content\/uploads\/2014\/06\/DSCF7972-634x845.jpg 634w, http:\/\/csapokert.gorogkatolikus.hu\/wp-content\/uploads\/2014\/06\/DSCF7972-924x1232.jpg 924w, http:\/\/csapokert.gorogkatolikus.hu\/wp-content\/uploads\/2014\/06\/DSCF7972.jpg 1944w\" sizes=\"(max-width: 225px) 100vw, 225px\" \/><\/a>J\u00fanius 29-\u00e9n tartjuk a Szent P\u00e9ternek \u00e9s P\u00e1lnak szentelt templomunk c\u00edm\u00fcnnep\u00e9t, a templomb\u00facs\u00fat. Az \u00fcnnep vas\u00e1rnap reggel 10 \u00f3rakor Utreny\u00e9vel, majd 11 \u00f3r\u00e1t\u00f3l Szent Liturgi\u00e1val folytat\u00f3dik, amit a hagyom\u00e1nyokhoz h\u0171en vend\u00e9gl\u00e1t\u00e1s k\u00f6vet templomunk gy\u00f6ny\u00f6r\u0171 kertj\u00e9ben. \u00a0<strong>Szeretettel v\u00e1runk minden \u00fcnnepelni v\u00e1gy\u00f3t e jeles napon!<\/strong><\/p>\n","protected":false},"excerpt":{"rendered":"<p>J\u00fanius 29-\u00e9n tartjuk a Szent P\u00e9ternek \u00e9s P\u00e1lnak szentelt templomunk c\u00edm\u00fcnnep\u00e9t, a templomb\u00facs\u00fat. Az \u00fcnnep vas\u00e1rnap reggel 10 \u00f3rakor Utreny\u00e9vel, majd 11 \u00f3r\u00e1t\u00f3l Szent Liturgi\u00e1val folytat\u00f3dik, amit a hagyom\u00e1nyokhoz h\u0171en vend\u00e9gl\u00e1t\u00e1s k\u00f6vet templomunk gy\u00f6ny\u00f6r\u0171 kertj\u00e9ben. \u00a0Szeretettel v\u00e1runk minden \u00fcnnepelni v\u00e1gy\u00f3t e jeles napon!<\/p>\n","protected":false},"author":2,"featured_media":0,"comment_status":"closed","ping_status":"closed","sticky":false,"template":"","format":"standard","meta":{"ngg_post_thumbnail":0},"categories":[4],"tags":[],"_links":{"self":[{"href":"http:\/\/csapokert.gorogkatolikus.hu\/index.php?rest_route=\/wp\/v2\/posts\/596"}],"collection":[{"href":"http:\/\/csapokert.gorogkatolikus.hu\/index.php?rest_route=\/wp\/v2\/posts"}],"about":[{"href":"http:\/\/csapokert.gorogkatolikus.hu\/index.php?rest_route=\/wp\/v2\/types\/post"}],"author":[{"embeddable":true,"href":"http:\/\/csapokert.gorogkatolikus.hu\/index.php?rest_route=\/wp\/v2\/users\/2"}],"replies":[{"embeddable":true,"href":"http:\/\/csapokert.gorogkatolikus.hu\/index.php?rest_route=%2Fwp%2Fv2%2Fcomments&post=596"}],"version-history":[{"count":3,"href":"http:\/\/csapokert.gorogkatolikus.hu\/index.php?rest_route=\/wp\/v2\/posts\/596\/revisions"}],"predecessor-version":[{"id":600,"href":"http:\/\/csapokert.gorogkatolikus.hu\/index.php?rest_route=\/wp\/v2\/posts\/596\/revisions\/600"}],"wp:attachment":[{"href":"http:\/\/csapokert.gorogkatolikus.hu\/index.php?rest_route=%2Fwp%2Fv2%2Fmedia&parent=596"}],"wp:term":[{"taxonomy":"category","embeddable":true,"href":"http:\/\/csapokert.gorogkatolikus.hu\/index.php?rest_route=%2Fwp%2Fv2%2Fcategories&post=596"},{"taxonomy":"post_tag","embeddable":true,"href":"http:\/\/csapokert.gorogkatolikus.hu\/index.php?rest_route=%2Fwp%2Fv2%2Ftags&post=596"}],"curies":[{"name":"wp","href":"https:\/\/api.w.org\/{rel}","templated":true}]}}