{"id":625,"date":"2014-08-12T12:56:34","date_gmt":"2014-08-12T12:56:34","guid":{"rendered":"http:\/\/csapokert.gorogkatolikus.hu\/?p=625"},"modified":"2014-08-12T19:40:02","modified_gmt":"2014-08-12T19:40:02","slug":"csaladi-nap-harmashegyen","status":"publish","type":"post","link":"http:\/\/csapokert.gorogkatolikus.hu\/?p=625","title":{"rendered":"Csal\u00e1di nap H\u00e1rmashegyen"},"content":{"rendered":"<p><img decoding=\"async\" loading=\"lazy\" class=\"size-medium wp-image-628 alignleft\" style=\"color: #181b60;font-size: 13px\" alt=\"DSCF9916\" src=\"http:\/\/csapokert.gorogkatolikus.hu\/wp-content\/uploads\/2014\/08\/DSCF9916-300x225.jpg\" width=\"300\" height=\"225\" srcset=\"http:\/\/csapokert.gorogkatolikus.hu\/wp-content\/uploads\/2014\/08\/DSCF9916-300x225.jpg 300w, http:\/\/csapokert.gorogkatolikus.hu\/wp-content\/uploads\/2014\/08\/DSCF9916-1024x768.jpg 1024w, http:\/\/csapokert.gorogkatolikus.hu\/wp-content\/uploads\/2014\/08\/DSCF9916-634x475.jpg 634w, http:\/\/csapokert.gorogkatolikus.hu\/wp-content\/uploads\/2014\/08\/DSCF9916-924x693.jpg 924w\" sizes=\"(max-width: 300px) 100vw, 300px\" \/><\/p>\n<p>Augusztus 9-\u00e9n szombaton a debrecen-csap\u00f3kerti \u00e9s a hajd\u00fas\u00e1msoni egyh\u00e1zk\u00f6zs\u00e9gek h\u00edveinek r\u00e9g\u00f3ta d\u00e9delgetett \u00e1lma v\u00e1lt val\u00f3ra. Csal\u00e1di napot szervezt\u00fcnk a h\u00e1rmashegyaljai erdei iskol\u00e1ban.<\/p>\n<p><!--more--><\/p>\n<p>B\u00e1r az id\u0151j\u00e1r\u00e1s mindent elk\u00f6vetett, hogy a rendezv\u00e9ny megval\u00f3s\u00edthat\u00f3s\u00e1g\u00e1r\u00f3l lemondjuk \u2013 am\u00edg Debrecenben a Piac utc\u00e1n h\u00f6mp\u00f6lyg\u0151 folyamban az \u00e9lelmesebbek horg\u00e1szni kezdtek, addig az alig 15 km-re l\u00e9v\u0151 Hal\u00e1pon m\u00e1r nyoma sem volt csapad\u00e9knak.<\/p>\n<p>Az id\u0151sebb koroszt\u00e1ly aut\u00f3kkal \u00e9s kisbusszal, a legb\u00e1trabb fiatalok pedig a Zsuzsi erdei kisvas\u00fattal \u00e9rkeztek a helysz\u00ednre. A kis\u00e1llom\u00e1son m\u00e1r egy sz\u00fcrke \u00e9s s\u00e1rga l\u00f3val befogott hint\u00f3 v\u00e1rt benn\u00fcnket. Ezzel a nosztalgia kord\u00e9val utaztuk be a k\u00f6zeli erd\u0151s\u00e9geket, n\u00e9zt\u00fck meg a horg\u00e1szt\u00f3 kies vid\u00e9k\u00e9t.<\/p>\n<p>Az erdei iskol\u00e1ban azonnal elkezd\u0151d\u00f6tt a slambucf\u0151z\u0151 verseny. Mindazok, akik k\u00f6zvetlen\u00fcl nem vettek r\u00e9szt a f\u0151z\u00e9sben, \u00edj\u00e1szkod\u00e1ssal, labdaj\u00e1t\u00e9kokkal, vicces vet\u00e9lked\u0151kkel, spont\u00e1n karaoke m\u0171sorral m\u00falatt\u00e1k az id\u0151t. A slambuc elk\u00e9sz\u00fclte el\u0151tt igaz\u00e1n meghitt hangulatban im\u00e1dkoztuk el a teremt\u00e9s dics\u00e9ret\u00e9t zeng\u0151 103. zsolt\u00e1rt s a vecsernye legszebb \u00e9nekeit, amihez felejthetetlen kulisszak\u00e9nt szolg\u00e1ltak a guthi erd\u0151 \u0151sfenyvesei \u00e9s roppant t\u00f6lgyf\u00e1i.<\/p>\n<p>A mintegy 80 jelenl\u00e9v\u0151 k\u00f6z\u00fcl csup\u00e1n egyetlen ember volt, akin a frusztr\u00e1ci\u00f3 csek\u00e9lyebb jelei mutatkoztak: az iskola gondnoka, aki legal\u00e1bb egy \u00f3r\u00e1t v\u00e1rt m\u00e9g arra, hogy, be tudja z\u00e1rni a rendezv\u00e9nyhelysz\u00ednt.<\/p>\n<p>K\u00fcl\u00f6nleges \u00e9lm\u00e9ny volt egy Debrecenb\u0151l Pr\u00e1g\u00e1ba elsz\u00e1rmazott csal\u00e1d r\u00e9szv\u00e9tele is. A cseh apuka szem\u00e9ly\u00e9ben egy \u00faj bar\u00e1tra is szert tett\u00fcnk, aki haz\u00e1nk \u00e9s egyh\u00e1zunk nagy csod\u00e1l\u00f3j\u00e1v\u00e1 is v\u00e1lt ezen r\u00f6pke \u00e9lm\u00e9nyek nyom\u00e1n. A legb\u00e1trabbak a hivatalos programon t\u00fal m\u00e9g az esti csillaghull\u00e1st is megn\u00e9zt\u00e9k a kil\u00e1t\u00f3 obszervat\u00f3rium\u00e1ban.<\/p>\n<p>T\u00f3thbegyi Zsolt<\/p>\n<p><a href=\"http:\/\/csapokert.gorogkatolikus.hu\/wp-content\/uploads\/2014\/08\/DSCF9936.jpg\"><img decoding=\"async\" loading=\"lazy\" class=\"alignnone size-medium wp-image-626\" alt=\"DSCF9936\" src=\"http:\/\/csapokert.gorogkatolikus.hu\/wp-content\/uploads\/2014\/08\/DSCF9936-300x225.jpg\" width=\"300\" height=\"225\" srcset=\"http:\/\/csapokert.gorogkatolikus.hu\/wp-content\/uploads\/2014\/08\/DSCF9936-300x225.jpg 300w, http:\/\/csapokert.gorogkatolikus.hu\/wp-content\/uploads\/2014\/08\/DSCF9936-1024x768.jpg 1024w, http:\/\/csapokert.gorogkatolikus.hu\/wp-content\/uploads\/2014\/08\/DSCF9936-634x475.jpg 634w, http:\/\/csapokert.gorogkatolikus.hu\/wp-content\/uploads\/2014\/08\/DSCF9936-924x693.jpg 924w\" sizes=\"(max-width: 300px) 100vw, 300px\" \/><\/a> <a href=\"http:\/\/csapokert.gorogkatolikus.hu\/wp-content\/uploads\/2014\/08\/DSCF9937.jpg\"><img decoding=\"async\" loading=\"lazy\" class=\"alignnone size-medium wp-image-627\" alt=\"DSCF9937\" src=\"http:\/\/csapokert.gorogkatolikus.hu\/wp-content\/uploads\/2014\/08\/DSCF9937-300x225.jpg\" width=\"300\" height=\"225\" srcset=\"http:\/\/csapokert.gorogkatolikus.hu\/wp-content\/uploads\/2014\/08\/DSCF9937-300x225.jpg 300w, http:\/\/csapokert.gorogkatolikus.hu\/wp-content\/uploads\/2014\/08\/DSCF9937-1024x768.jpg 1024w, http:\/\/csapokert.gorogkatolikus.hu\/wp-content\/uploads\/2014\/08\/DSCF9937-634x475.jpg 634w, http:\/\/csapokert.gorogkatolikus.hu\/wp-content\/uploads\/2014\/08\/DSCF9937-924x693.jpg 924w\" sizes=\"(max-width: 300px) 100vw, 300px\" \/><\/a>\u00a0\u00a0<a href=\"http:\/\/csapokert.gorogkatolikus.hu\/wp-content\/uploads\/2014\/08\/DSCF9890.jpg\"><img decoding=\"async\" loading=\"lazy\" class=\"alignnone size-medium wp-image-629\" alt=\"DSCF9890\" src=\"http:\/\/csapokert.gorogkatolikus.hu\/wp-content\/uploads\/2014\/08\/DSCF9890-300x225.jpg\" width=\"300\" height=\"225\" srcset=\"http:\/\/csapokert.gorogkatolikus.hu\/wp-content\/uploads\/2014\/08\/DSCF9890-300x225.jpg 300w, http:\/\/csapokert.gorogkatolikus.hu\/wp-content\/uploads\/2014\/08\/DSCF9890-1024x768.jpg 1024w, http:\/\/csapokert.gorogkatolikus.hu\/wp-content\/uploads\/2014\/08\/DSCF9890-634x475.jpg 634w, http:\/\/csapokert.gorogkatolikus.hu\/wp-content\/uploads\/2014\/08\/DSCF9890-924x693.jpg 924w\" sizes=\"(max-width: 300px) 100vw, 300px\" \/><\/a><\/p>\n<p><a href=\"http:\/\/csapokert.gorogkatolikus.hu\/wp-content\/uploads\/2014\/08\/DSCF9903.jpg\"><img decoding=\"async\" loading=\"lazy\" class=\"alignnone size-medium wp-image-630\" alt=\"DSCF9903\" src=\"http:\/\/csapokert.gorogkatolikus.hu\/wp-content\/uploads\/2014\/08\/DSCF9903-300x225.jpg\" width=\"300\" height=\"225\" srcset=\"http:\/\/csapokert.gorogkatolikus.hu\/wp-content\/uploads\/2014\/08\/DSCF9903-300x225.jpg 300w, http:\/\/csapokert.gorogkatolikus.hu\/wp-content\/uploads\/2014\/08\/DSCF9903-1024x768.jpg 1024w, http:\/\/csapokert.gorogkatolikus.hu\/wp-content\/uploads\/2014\/08\/DSCF9903-634x475.jpg 634w, http:\/\/csapokert.gorogkatolikus.hu\/wp-content\/uploads\/2014\/08\/DSCF9903-924x693.jpg 924w\" sizes=\"(max-width: 300px) 100vw, 300px\" \/><\/a> <a href=\"http:\/\/csapokert.gorogkatolikus.hu\/wp-content\/uploads\/2014\/08\/DSCF9907.jpg\"><img decoding=\"async\" loading=\"lazy\" class=\"alignnone size-medium wp-image-631\" alt=\"DSCF9907\" src=\"http:\/\/csapokert.gorogkatolikus.hu\/wp-content\/uploads\/2014\/08\/DSCF9907-300x225.jpg\" width=\"300\" height=\"225\" srcset=\"http:\/\/csapokert.gorogkatolikus.hu\/wp-content\/uploads\/2014\/08\/DSCF9907-300x225.jpg 300w, http:\/\/csapokert.gorogkatolikus.hu\/wp-content\/uploads\/2014\/08\/DSCF9907-1024x768.jpg 1024w, http:\/\/csapokert.gorogkatolikus.hu\/wp-content\/uploads\/2014\/08\/DSCF9907-634x475.jpg 634w, http:\/\/csapokert.gorogkatolikus.hu\/wp-content\/uploads\/2014\/08\/DSCF9907-924x693.jpg 924w\" sizes=\"(max-width: 300px) 100vw, 300px\" \/><\/a> <a href=\"http:\/\/csapokert.gorogkatolikus.hu\/wp-content\/uploads\/2014\/08\/DSCF9900.jpg\"><img decoding=\"async\" loading=\"lazy\" class=\"alignnone size-medium wp-image-632\" alt=\"DSCF9900\" src=\"http:\/\/csapokert.gorogkatolikus.hu\/wp-content\/uploads\/2014\/08\/DSCF9900-300x225.jpg\" width=\"300\" height=\"225\" srcset=\"http:\/\/csapokert.gorogkatolikus.hu\/wp-content\/uploads\/2014\/08\/DSCF9900-300x225.jpg 300w, http:\/\/csapokert.gorogkatolikus.hu\/wp-content\/uploads\/2014\/08\/DSCF9900-1024x768.jpg 1024w, http:\/\/csapokert.gorogkatolikus.hu\/wp-content\/uploads\/2014\/08\/DSCF9900-634x475.jpg 634w, http:\/\/csapokert.gorogkatolikus.hu\/wp-content\/uploads\/2014\/08\/DSCF9900-924x693.jpg 924w\" sizes=\"(max-width: 300px) 100vw, 300px\" \/><\/a> <a href=\"http:\/\/csapokert.gorogkatolikus.hu\/wp-content\/uploads\/2014\/08\/DSCF9926.jpg\"><img decoding=\"async\" loading=\"lazy\" class=\"alignnone size-medium wp-image-633\" alt=\"DSCF9926\" src=\"http:\/\/csapokert.gorogkatolikus.hu\/wp-content\/uploads\/2014\/08\/DSCF9926-300x225.jpg\" width=\"300\" height=\"225\" srcset=\"http:\/\/csapokert.gorogkatolikus.hu\/wp-content\/uploads\/2014\/08\/DSCF9926-300x225.jpg 300w, http:\/\/csapokert.gorogkatolikus.hu\/wp-content\/uploads\/2014\/08\/DSCF9926-1024x768.jpg 1024w, http:\/\/csapokert.gorogkatolikus.hu\/wp-content\/uploads\/2014\/08\/DSCF9926-634x475.jpg 634w, http:\/\/csapokert.gorogkatolikus.hu\/wp-content\/uploads\/2014\/08\/DSCF9926-924x693.jpg 924w\" sizes=\"(max-width: 300px) 100vw, 300px\" \/><\/a> <a href=\"http:\/\/csapokert.gorogkatolikus.hu\/wp-content\/uploads\/2014\/08\/DSCF9933.jpg\"><img decoding=\"async\" loading=\"lazy\" class=\"alignnone size-medium wp-image-634\" alt=\"DSCF9933\" src=\"http:\/\/csapokert.gorogkatolikus.hu\/wp-content\/uploads\/2014\/08\/DSCF9933-300x225.jpg\" width=\"300\" height=\"225\" srcset=\"http:\/\/csapokert.gorogkatolikus.hu\/wp-content\/uploads\/2014\/08\/DSCF9933-300x225.jpg 300w, http:\/\/csapokert.gorogkatolikus.hu\/wp-content\/uploads\/2014\/08\/DSCF9933-1024x768.jpg 1024w, http:\/\/csapokert.gorogkatolikus.hu\/wp-content\/uploads\/2014\/08\/DSCF9933-634x475.jpg 634w, http:\/\/csapokert.gorogkatolikus.hu\/wp-content\/uploads\/2014\/08\/DSCF9933-924x693.jpg 924w\" sizes=\"(max-width: 300px) 100vw, 300px\" \/><\/a><br \/>\n<a href=\"http:\/\/csapokert.gorogkatolikus.hu\/wp-content\/uploads\/2014\/08\/DSCF9923.jpg\"><img decoding=\"async\" loading=\"lazy\" class=\"alignnone size-medium wp-image-635\" alt=\"DSCF9923\" src=\"http:\/\/csapokert.gorogkatolikus.hu\/wp-content\/uploads\/2014\/08\/DSCF9923-300x225.jpg\" width=\"300\" height=\"225\" srcset=\"http:\/\/csapokert.gorogkatolikus.hu\/wp-content\/uploads\/2014\/08\/DSCF9923-300x225.jpg 300w, http:\/\/csapokert.gorogkatolikus.hu\/wp-content\/uploads\/2014\/08\/DSCF9923-1024x768.jpg 1024w, http:\/\/csapokert.gorogkatolikus.hu\/wp-content\/uploads\/2014\/08\/DSCF9923-634x475.jpg 634w, http:\/\/csapokert.gorogkatolikus.hu\/wp-content\/uploads\/2014\/08\/DSCF9923-924x693.jpg 924w\" sizes=\"(max-width: 300px) 100vw, 300px\" \/><\/a><\/p>\n","protected":false},"excerpt":{"rendered":"<p>Augusztus 9-\u00e9n szombaton a debrecen-csap\u00f3kerti \u00e9s a hajd\u00fas\u00e1msoni egyh\u00e1zk\u00f6zs\u00e9gek h\u00edveinek r\u00e9g\u00f3ta d\u00e9delgetett \u00e1lma v\u00e1lt val\u00f3ra. Csal\u00e1di napot szervezt\u00fcnk a h\u00e1rmashegyaljai erdei iskol\u00e1ban.<\/p>\n","protected":false},"author":2,"featured_media":0,"comment_status":"closed","ping_status":"closed","sticky":false,"template":"","format":"standard","meta":{"ngg_post_thumbnail":0},"categories":[1],"tags":[],"_links":{"self":[{"href":"http:\/\/csapokert.gorogkatolikus.hu\/index.php?rest_route=\/wp\/v2\/posts\/625"}],"collection":[{"href":"http:\/\/csapokert.gorogkatolikus.hu\/index.php?rest_route=\/wp\/v2\/posts"}],"about":[{"href":"http:\/\/csapokert.gorogkatolikus.hu\/index.php?rest_route=\/wp\/v2\/types\/post"}],"author":[{"embeddable":true,"href":"http:\/\/csapokert.gorogkatolikus.hu\/index.php?rest_route=\/wp\/v2\/users\/2"}],"replies":[{"embeddable":true,"href":"http:\/\/csapokert.gorogkatolikus.hu\/index.php?rest_route=%2Fwp%2Fv2%2Fcomments&post=625"}],"version-history":[{"count":5,"href":"http:\/\/csapokert.gorogkatolikus.hu\/index.php?rest_route=\/wp\/v2\/posts\/625\/revisions"}],"predecessor-version":[{"id":643,"href":"http:\/\/csapokert.gorogkatolikus.hu\/index.php?rest_route=\/wp\/v2\/posts\/625\/revisions\/643"}],"wp:attachment":[{"href":"http:\/\/csapokert.gorogkatolikus.hu\/index.php?rest_route=%2Fwp%2Fv2%2Fmedia&parent=625"}],"wp:term":[{"taxonomy":"category","embeddable":true,"href":"http:\/\/csapokert.gorogkatolikus.hu\/index.php?rest_route=%2Fwp%2Fv2%2Fcategories&post=625"},{"taxonomy":"post_tag","embeddable":true,"href":"http:\/\/csapokert.gorogkatolikus.hu\/index.php?rest_route=%2Fwp%2Fv2%2Ftags&post=625"}],"curies":[{"name":"wp","href":"https:\/\/api.w.org\/{rel}","templated":true}]}}