{"id":645,"date":"2014-10-04T12:35:39","date_gmt":"2014-10-04T12:35:39","guid":{"rendered":"http:\/\/csapokert.gorogkatolikus.hu\/?p=645"},"modified":"2014-10-04T12:35:39","modified_gmt":"2014-10-04T12:35:39","slug":"zarandoklat-szentkutra","status":"publish","type":"post","link":"http:\/\/csapokert.gorogkatolikus.hu\/?p=645","title":{"rendered":"Zar\u00e1ndoklat Szentk\u00fatra"},"content":{"rendered":"<p>&nbsp;<\/p>\n<p>&nbsp;<\/p>\n<p><a href=\"http:\/\/csapokert.gorogkatolikus.hu\/wp-content\/uploads\/2014\/10\/DSCF01321.jpg\"><img decoding=\"async\" loading=\"lazy\" class=\"size-medium wp-image-667 alignleft\" alt=\"DSCF0132\" src=\"http:\/\/csapokert.gorogkatolikus.hu\/wp-content\/uploads\/2014\/10\/DSCF01321-300x225.jpg\" width=\"300\" height=\"225\" data-id=\"667\" srcset=\"http:\/\/csapokert.gorogkatolikus.hu\/wp-content\/uploads\/2014\/10\/DSCF01321-300x225.jpg 300w, http:\/\/csapokert.gorogkatolikus.hu\/wp-content\/uploads\/2014\/10\/DSCF01321-1024x768.jpg 1024w, http:\/\/csapokert.gorogkatolikus.hu\/wp-content\/uploads\/2014\/10\/DSCF01321-634x475.jpg 634w, http:\/\/csapokert.gorogkatolikus.hu\/wp-content\/uploads\/2014\/10\/DSCF01321-924x693.jpg 924w\" sizes=\"(max-width: 300px) 100vw, 300px\" \/><\/a><\/p>\n<p>&nbsp;<\/p>\n<p>&nbsp;<\/p>\n<p>Egyh\u00e1zk\u00f6zs\u00e9g\u00fcnk szeptember 27-\u00e9n zar\u00e1ndoklaton vett r\u00e9szt M\u00e1travereb\u00e9ly- Szentk\u00fat kegyhelyen. Reggel indultunk aut\u00f3busszal. Az \u201eoda\u00faton\u201d elim\u00e1dkoztuk a r\u00f3zsaf\u00fcz\u00e9reket s el\u00e9nekelt\u00fck szinte az \u00f6sszes ismert M\u00e1ria \u00e9neket.<\/p>\n<p><!--more--><\/p>\n<p>Amikor meg\u00e9rkezt\u00fcnk bekapcsol\u00f3dtunk a r\u00f3mai katolikus testv\u00e9rek szentmis\u00e9j\u00e9be a t\u00e1bori olt\u00e1rn\u00e1l. Ezt k\u00f6vet\u0151en mi magunk is elim\u00e1dkoztuk\u00a0 a gy\u00f6ny\u00f6r\u0171en fel\u00faj\u00edtott kegytemplomban a Szent Liturgi\u00e1t, Gergely atya vezet\u00e9s\u00e9vel.<\/p>\n<p>A liturgia ut\u00e1n a t\u00e1bori olt\u00e1rn\u00e1l K\u00e1lm\u00e1n Peregrin, ferences szerzetes, a kegyhely igazgat\u00f3ja ismertette a kegyhely t\u00f6rt\u00e9net\u00e9t, majd k\u00f6z\u00f6sen elv\u00e9gezt\u00fck a szentk\u00fati lit\u00e1ni\u00e1t. Ezek ut\u00e1n b\u00facs\u00fat vett\u00fcnk a lassan \u0151sz aranyba \u00f6lt\u00f6z\u0151 kegyhelyt\u0151l, \u00e9s hazaindultunk.<\/p>\n<p>\u00datk\u00f6zben meg\u00e1lltunk m\u00e9g r\u00f6vid id\u0151re Egerben, hogy a lelki t\u00e1pl\u00e1l\u00e9k ut\u00e1n n\u00e9mileg testieket is magunkhoz vegy\u00fcnk. B\u00e1r m\u00e1r s\u00f6t\u00e9t volt, mire haza\u00e9rt\u00fcnk, ez\u00e9rt senki nem neheztelt. S\u0151t, igaz\u00e1b\u00f3l az id\u0151 m\u00fal\u00e1s\u00e1t \u00e9szre sem vett\u00fck, \u00e9rz\u00e9keink szinte megcsaltak benn\u00fcnket. Csak a sok k\u00f6z\u00f6sen \u00e1t\u00e9lt \u00e9lm\u00e9ny igazolhatta azt, hogy ha \u00e9szrev\u00e9tlen\u00fcl is, t\u00e9nyleg \u00edgy elj\u00e1rt felett\u00fcnk az id\u0151.<\/p>\n<p>K\u00f6sz\u00f6nj\u00fck ezt a lelkiekben sz\u00e9p napot.<\/p>\n<p>&nbsp;<\/p>\n<p>Fark Erzs\u00e9bet<\/p>\n<p><a href=\"http:\/\/csapokert.gorogkatolikus.hu\/wp-content\/uploads\/2014\/10\/DSCF0147-e1412425540163.jpg\"><img decoding=\"async\" loading=\"lazy\" class=\"alignnone size-medium wp-image-661\" alt=\"DSCF0147\" src=\"http:\/\/csapokert.gorogkatolikus.hu\/wp-content\/uploads\/2014\/10\/DSCF0147-e1412425540163-225x300.jpg\" width=\"225\" height=\"300\" data-id=\"661\" srcset=\"http:\/\/csapokert.gorogkatolikus.hu\/wp-content\/uploads\/2014\/10\/DSCF0147-e1412425540163-225x300.jpg 225w, http:\/\/csapokert.gorogkatolikus.hu\/wp-content\/uploads\/2014\/10\/DSCF0147-e1412425540163-768x1024.jpg 768w, http:\/\/csapokert.gorogkatolikus.hu\/wp-content\/uploads\/2014\/10\/DSCF0147-e1412425540163.jpg 1944w\" sizes=\"(max-width: 225px) 100vw, 225px\" \/><\/a><\/p>\n<p><a href=\"http:\/\/csapokert.gorogkatolikus.hu\/wp-content\/uploads\/2014\/10\/DSCF0128-e1412425466969.jpg\"><img decoding=\"async\" loading=\"lazy\" class=\"alignnone size-medium wp-image-651\" alt=\"DSCF0128\" src=\"http:\/\/csapokert.gorogkatolikus.hu\/wp-content\/uploads\/2014\/10\/DSCF0128-e1412425466969-225x300.jpg\" width=\"225\" height=\"300\" data-id=\"651\" srcset=\"http:\/\/csapokert.gorogkatolikus.hu\/wp-content\/uploads\/2014\/10\/DSCF0128-e1412425466969-225x300.jpg 225w, http:\/\/csapokert.gorogkatolikus.hu\/wp-content\/uploads\/2014\/10\/DSCF0128-e1412425466969-768x1024.jpg 768w, http:\/\/csapokert.gorogkatolikus.hu\/wp-content\/uploads\/2014\/10\/DSCF0128-e1412425466969.jpg 1944w\" sizes=\"(max-width: 225px) 100vw, 225px\" \/><\/a><\/p>\n<p><a href=\"http:\/\/csapokert.gorogkatolikus.hu\/wp-content\/uploads\/2014\/10\/DSCF0126.jpg\"><img decoding=\"async\" loading=\"lazy\" class=\"alignnone size-medium wp-image-650\" alt=\"DSCF0126\" src=\"http:\/\/csapokert.gorogkatolikus.hu\/wp-content\/uploads\/2014\/10\/DSCF0126-300x225.jpg\" width=\"300\" height=\"225\" data-id=\"650\" srcset=\"http:\/\/csapokert.gorogkatolikus.hu\/wp-content\/uploads\/2014\/10\/DSCF0126-300x225.jpg 300w, http:\/\/csapokert.gorogkatolikus.hu\/wp-content\/uploads\/2014\/10\/DSCF0126-1024x768.jpg 1024w, http:\/\/csapokert.gorogkatolikus.hu\/wp-content\/uploads\/2014\/10\/DSCF0126-634x475.jpg 634w, http:\/\/csapokert.gorogkatolikus.hu\/wp-content\/uploads\/2014\/10\/DSCF0126-924x693.jpg 924w\" sizes=\"(max-width: 300px) 100vw, 300px\" \/><\/a><\/p>\n<p><a href=\"http:\/\/csapokert.gorogkatolikus.hu\/wp-content\/uploads\/2014\/10\/DSCF0130.jpg\"><img decoding=\"async\" loading=\"lazy\" class=\"alignnone size-medium wp-image-653\" alt=\"DSCF0130\" src=\"http:\/\/csapokert.gorogkatolikus.hu\/wp-content\/uploads\/2014\/10\/DSCF0130-300x225.jpg\" width=\"300\" height=\"225\" data-id=\"653\" srcset=\"http:\/\/csapokert.gorogkatolikus.hu\/wp-content\/uploads\/2014\/10\/DSCF0130-300x225.jpg 300w, http:\/\/csapokert.gorogkatolikus.hu\/wp-content\/uploads\/2014\/10\/DSCF0130-1024x768.jpg 1024w, http:\/\/csapokert.gorogkatolikus.hu\/wp-content\/uploads\/2014\/10\/DSCF0130-634x475.jpg 634w, http:\/\/csapokert.gorogkatolikus.hu\/wp-content\/uploads\/2014\/10\/DSCF0130-924x693.jpg 924w\" sizes=\"(max-width: 300px) 100vw, 300px\" \/><\/a><\/p>\n<p><a href=\"http:\/\/csapokert.gorogkatolikus.hu\/wp-content\/uploads\/2014\/10\/DSCF0127.jpg\"><img decoding=\"async\" loading=\"lazy\" class=\"alignnone size-medium wp-image-652\" alt=\"DSCF0127\" src=\"http:\/\/csapokert.gorogkatolikus.hu\/wp-content\/uploads\/2014\/10\/DSCF0127-300x225.jpg\" width=\"300\" height=\"225\" data-id=\"652\" srcset=\"http:\/\/csapokert.gorogkatolikus.hu\/wp-content\/uploads\/2014\/10\/DSCF0127-300x225.jpg 300w, http:\/\/csapokert.gorogkatolikus.hu\/wp-content\/uploads\/2014\/10\/DSCF0127-1024x768.jpg 1024w, http:\/\/csapokert.gorogkatolikus.hu\/wp-content\/uploads\/2014\/10\/DSCF0127-634x475.jpg 634w, http:\/\/csapokert.gorogkatolikus.hu\/wp-content\/uploads\/2014\/10\/DSCF0127-924x693.jpg 924w\" sizes=\"(max-width: 300px) 100vw, 300px\" \/><\/a><\/p>\n<p><a href=\"http:\/\/csapokert.gorogkatolikus.hu\/wp-content\/uploads\/2014\/10\/DSCF0119.jpg\"><img decoding=\"async\" loading=\"lazy\" class=\"alignnone size-medium wp-image-647\" alt=\"DSCF0119\" src=\"http:\/\/csapokert.gorogkatolikus.hu\/wp-content\/uploads\/2014\/10\/DSCF0119-300x225.jpg\" width=\"300\" height=\"225\" data-id=\"647\" srcset=\"http:\/\/csapokert.gorogkatolikus.hu\/wp-content\/uploads\/2014\/10\/DSCF0119-300x225.jpg 300w, http:\/\/csapokert.gorogkatolikus.hu\/wp-content\/uploads\/2014\/10\/DSCF0119-1024x768.jpg 1024w, http:\/\/csapokert.gorogkatolikus.hu\/wp-content\/uploads\/2014\/10\/DSCF0119-634x475.jpg 634w, http:\/\/csapokert.gorogkatolikus.hu\/wp-content\/uploads\/2014\/10\/DSCF0119-924x693.jpg 924w\" sizes=\"(max-width: 300px) 100vw, 300px\" \/><\/a><\/p>\n<p>&nbsp;<\/p>\n<p>&nbsp;<\/p>\n<p>&nbsp;<\/p>\n","protected":false},"excerpt":{"rendered":"<p>&nbsp; &nbsp; &nbsp; &nbsp; Egyh\u00e1zk\u00f6zs\u00e9g\u00fcnk szeptember 27-\u00e9n zar\u00e1ndoklaton vett r\u00e9szt M\u00e1travereb\u00e9ly- Szentk\u00fat kegyhelyen. Reggel indultunk aut\u00f3busszal. Az \u201eoda\u00faton\u201d elim\u00e1dkoztuk a r\u00f3zsaf\u00fcz\u00e9reket s el\u00e9nekelt\u00fck szinte az \u00f6sszes ismert M\u00e1ria \u00e9neket.<\/p>\n","protected":false},"author":3,"featured_media":0,"comment_status":"closed","ping_status":"closed","sticky":false,"template":"","format":"standard","meta":{"ngg_post_thumbnail":0},"categories":[1],"tags":[],"_links":{"self":[{"href":"http:\/\/csapokert.gorogkatolikus.hu\/index.php?rest_route=\/wp\/v2\/posts\/645"}],"collection":[{"href":"http:\/\/csapokert.gorogkatolikus.hu\/index.php?rest_route=\/wp\/v2\/posts"}],"about":[{"href":"http:\/\/csapokert.gorogkatolikus.hu\/index.php?rest_route=\/wp\/v2\/types\/post"}],"author":[{"embeddable":true,"href":"http:\/\/csapokert.gorogkatolikus.hu\/index.php?rest_route=\/wp\/v2\/users\/3"}],"replies":[{"embeddable":true,"href":"http:\/\/csapokert.gorogkatolikus.hu\/index.php?rest_route=%2Fwp%2Fv2%2Fcomments&post=645"}],"version-history":[{"count":4,"href":"http:\/\/csapokert.gorogkatolikus.hu\/index.php?rest_route=\/wp\/v2\/posts\/645\/revisions"}],"predecessor-version":[{"id":670,"href":"http:\/\/csapokert.gorogkatolikus.hu\/index.php?rest_route=\/wp\/v2\/posts\/645\/revisions\/670"}],"wp:attachment":[{"href":"http:\/\/csapokert.gorogkatolikus.hu\/index.php?rest_route=%2Fwp%2Fv2%2Fmedia&parent=645"}],"wp:term":[{"taxonomy":"category","embeddable":true,"href":"http:\/\/csapokert.gorogkatolikus.hu\/index.php?rest_route=%2Fwp%2Fv2%2Fcategories&post=645"},{"taxonomy":"post_tag","embeddable":true,"href":"http:\/\/csapokert.gorogkatolikus.hu\/index.php?rest_route=%2Fwp%2Fv2%2Ftags&post=645"}],"curies":[{"name":"wp","href":"https:\/\/api.w.org\/{rel}","templated":true}]}}