{"id":672,"date":"2014-12-14T21:31:09","date_gmt":"2014-12-14T21:31:09","guid":{"rendered":"http:\/\/csapokert.gorogkatolikus.hu\/?p=672"},"modified":"2014-12-14T21:31:42","modified_gmt":"2014-12-14T21:31:42","slug":"keresztszenteles","status":"publish","type":"post","link":"http:\/\/csapokert.gorogkatolikus.hu\/?p=672","title":{"rendered":"Keresztszentel\u00e9s"},"content":{"rendered":"<p><a style=\"text-decoration: none\" href=\"http:\/\/csapokert.gorogkatolikus.hu\/wp-content\/uploads\/2014\/12\/DSCF0163.jpg\"><img decoding=\"async\" loading=\"lazy\" class=\"size-medium wp-image-673 alignleft\" alt=\"DSCF0163\" src=\"http:\/\/csapokert.gorogkatolikus.hu\/wp-content\/uploads\/2014\/12\/DSCF0163-225x300.jpg\" width=\"225\" height=\"300\" srcset=\"http:\/\/csapokert.gorogkatolikus.hu\/wp-content\/uploads\/2014\/12\/DSCF0163-225x300.jpg 225w, http:\/\/csapokert.gorogkatolikus.hu\/wp-content\/uploads\/2014\/12\/DSCF0163-768x1024.jpg 768w, http:\/\/csapokert.gorogkatolikus.hu\/wp-content\/uploads\/2014\/12\/DSCF0163-634x845.jpg 634w, http:\/\/csapokert.gorogkatolikus.hu\/wp-content\/uploads\/2014\/12\/DSCF0163-924x1232.jpg 924w, http:\/\/csapokert.gorogkatolikus.hu\/wp-content\/uploads\/2014\/12\/DSCF0163.jpg 1944w\" sizes=\"(max-width: 225px) 100vw, 225px\" \/><\/a>\u201eE jelben gy\u0151zni fogsz\u201d hallotta a mennyei sz\u00f3zatot \u00e1lm\u00e1ban Nagy Konstantin a pog\u00e1ny ellencs\u00e1sz\u00e1rral v\u00edvott gy\u0151ztes csat\u00e1ja el\u0151tt R\u00f3ma milviusi h\u00eddj\u00e1n\u00e1l, \u00e9s egy l\u00e1ngol\u00f3 kereszt jelent meg neki.<\/p>\n<p>A kereszt eredeti funkci\u00f3ja napjainkra a vall\u00e1sos nevel\u00e9st nem kapott emberek sz\u00e1m\u00e1ra m\u00e1r a feled\u00e9s hom\u00e1ly\u00e1ba borul. A vall\u00e1sos ember sz\u00e1m\u00e1ra pedig eg\u00e9szen m\u00e1st jelent, mint jelentett k\u00e9tezer \u00e9vvel ezel\u0151tt. Akkoriban az elbuk\u00e1s, a kudarc, a hal\u00e1l a k\u00ednszenved\u00e9s \u00e9s a megsz\u00e9gyen\u00fcl\u00e9ssel volt egyenl\u0151, amely sok t\u00edzezer b\u0171n\u00f6z\u0151nek \u00e9s fell\u00e1zadt rabszolg\u00e1nak v\u00e1lt v\u00e9gzet\u00e9v\u00e9. Ami\u00f3ta viszont egy n\u00e1z\u00e1reti v\u00e1ndortan\u00edt\u00f3t, bizonyos J\u00e9zust \u2013 aki mellesleg a mindenhat\u00f3 Atyaisten \u00f6r\u00f6kt\u0151l fogva sz\u00fcletett Fia is volt ezt megel\u0151z\u0151en \u2013 is kiv\u00e9geztek egy ilyen \u00f6sszet\u00e1kolt gerendap\u00e1ron, az \u0150 benn h\u00edv\u0151 k\u00f6vet\u0151k milli\u00e1rdjainak jelenti a dics\u0151s\u00e9get, a gy\u0151zelmet, a rem\u00e9nyt a lelki gy\u00f3gyul\u00e1st \u00e9s az \u00f6r\u00f6k \u00e9let \u00edg\u00e9ret\u00e9t.<\/p>\n<p><!--more-->Ez\u00e9rt \u00e1ll\u00edt minden k\u00f6z\u00f6ss\u00e9g keresztet templomok kertjeibe, temet\u0151kbe, de utak keresztez\u0151d\u00e9seihez is, hogy \u00f6r\u00f6kk\u00e9 figyelmeztessen benn\u00fcnket Isten szeretet\u00e9re, s hogy az ebbe k\u00e9pbe s\u0171r\u0171s\u00f6d\u0151 eg\u00e9sz \u00f6r\u00f6mh\u00edr \u00e1lland\u00f3an elk\u00eds\u00e9rjen benn\u00fcnket. Ez\u00e9rt \u00e1ll\u00edtatott egyh\u00e1zk\u00f6zs\u00e9g\u00fcnk, pontosabban egyh\u00e1zk\u00f6zs\u00e9g\u00fcnk egy j\u00f3tev\u0151je az eddigi ideiglenes kereszt hely\u00e9re egy olyan m\u00e9lt\u00f3 jelet, ami m\u00e9g akkor is bizonnyal hirdetni fogja a Szenth\u00e1roms\u00e1g dics\u0151s\u00e9g\u00e9t, amikor \u00e1ll\u00edtat\u00f3j\u00e1nak eml\u00e9ke tal\u00e1n m\u00e1r el is eny\u00e9szik. Ez\u00e9rt v\u00e1lasztottunk olyan anyagot (indiai feh\u00e9r gr\u00e1nitot), amely a legkem\u00e9nyebb term\u00e9szetes anyag, s amely egyszersmind t\u00fcnd\u00f6kl\u0151 f\u00e9ny\u00e9vel b\u00e1rmely szeml\u00e9l\u0151 lelk\u00e9t mag\u00e1val ragadja. A keresztre a megv\u00e1lt\u00f3 alakj\u00e1t Monostory Vikt\u00f3ria m\u0171v\u00e9szn\u0151 festette, akinek templomunk eddig elk\u00e9sz\u00fclt\u00a0ikonjait is k\u00f6sz\u00f6nhetj\u00fck.<\/p>\n<p>A kereszt v\u00e9glegesen halottak napja el\u0151est\u00e9j\u00e9n lett fel\u00e1ll\u00edtva, s most november 30-\u00e1n a sz\u00e1z \u00e9v ut\u00e1n ism\u00e9t v\u00e1rosunkban sz\u00e9kel\u0151 helyn\u00f6ks\u00e9g vezet\u0151je, Dr. Kruppa Tam\u00e1s helyn\u00f6k atya \u00e1ltal felszentelve. A J\u00f3isten \u00e1ldjon meg mindenkit, aki b\u00e1rmilyen form\u00e1ban hozz\u00e1j\u00e1rult hajl\u00e9k\u00e1nak \u00e9kesebb\u00e9 t\u00e9tel\u00e9hez! Az \u0150 \u00f3ri\u00e1si szeretet\u00e9nek viszonz\u00e1sak\u00e9pp fogadja a mi csek\u00e9lyke szeretet\u00fcnknek ezen jel\u00e9t kedvesen!<\/p>\n<p>A Dtv is tud\u00f3s\u00edtott a keresztszentel\u00e9sr\u0151l, az al\u00e1bbi linken megtekinthet\u0151 (2:20 perct\u0151l kezd\u0151d\u0151en)<\/p>\n<p>http:\/\/www.dehir.hu\/dtv\/napszemle-2014-11-29\/<\/p>\n<p><a href=\"http:\/\/csapokert.gorogkatolikus.hu\/wp-content\/uploads\/2014\/12\/DSCF0225.jpg\"><img decoding=\"async\" loading=\"lazy\" class=\"alignnone size-medium wp-image-674\" alt=\"DSCF0225\" src=\"http:\/\/csapokert.gorogkatolikus.hu\/wp-content\/uploads\/2014\/12\/DSCF0225-300x225.jpg\" width=\"300\" height=\"225\" srcset=\"http:\/\/csapokert.gorogkatolikus.hu\/wp-content\/uploads\/2014\/12\/DSCF0225-300x225.jpg 300w, http:\/\/csapokert.gorogkatolikus.hu\/wp-content\/uploads\/2014\/12\/DSCF0225-1024x768.jpg 1024w, http:\/\/csapokert.gorogkatolikus.hu\/wp-content\/uploads\/2014\/12\/DSCF0225-634x475.jpg 634w, http:\/\/csapokert.gorogkatolikus.hu\/wp-content\/uploads\/2014\/12\/DSCF0225-924x693.jpg 924w\" sizes=\"(max-width: 300px) 100vw, 300px\" \/><\/a> <a href=\"http:\/\/csapokert.gorogkatolikus.hu\/wp-content\/uploads\/2014\/12\/DSCF0226.jpg\"><img decoding=\"async\" loading=\"lazy\" class=\"alignnone size-medium wp-image-675\" alt=\"DSCF0226\" src=\"http:\/\/csapokert.gorogkatolikus.hu\/wp-content\/uploads\/2014\/12\/DSCF0226-300x225.jpg\" width=\"300\" height=\"225\" srcset=\"http:\/\/csapokert.gorogkatolikus.hu\/wp-content\/uploads\/2014\/12\/DSCF0226-300x225.jpg 300w, http:\/\/csapokert.gorogkatolikus.hu\/wp-content\/uploads\/2014\/12\/DSCF0226-1024x768.jpg 1024w, http:\/\/csapokert.gorogkatolikus.hu\/wp-content\/uploads\/2014\/12\/DSCF0226-634x475.jpg 634w, http:\/\/csapokert.gorogkatolikus.hu\/wp-content\/uploads\/2014\/12\/DSCF0226-924x693.jpg 924w\" sizes=\"(max-width: 300px) 100vw, 300px\" \/><\/a> <a href=\"http:\/\/csapokert.gorogkatolikus.hu\/wp-content\/uploads\/2014\/12\/DSCF0228.jpg\"><img decoding=\"async\" loading=\"lazy\" class=\"alignnone size-medium wp-image-676\" alt=\"DSCF0228\" src=\"http:\/\/csapokert.gorogkatolikus.hu\/wp-content\/uploads\/2014\/12\/DSCF0228-300x225.jpg\" width=\"300\" height=\"225\" srcset=\"http:\/\/csapokert.gorogkatolikus.hu\/wp-content\/uploads\/2014\/12\/DSCF0228-300x225.jpg 300w, http:\/\/csapokert.gorogkatolikus.hu\/wp-content\/uploads\/2014\/12\/DSCF0228-1024x768.jpg 1024w, http:\/\/csapokert.gorogkatolikus.hu\/wp-content\/uploads\/2014\/12\/DSCF0228-634x475.jpg 634w, http:\/\/csapokert.gorogkatolikus.hu\/wp-content\/uploads\/2014\/12\/DSCF0228-924x693.jpg 924w\" sizes=\"(max-width: 300px) 100vw, 300px\" \/><\/a> <a href=\"http:\/\/csapokert.gorogkatolikus.hu\/wp-content\/uploads\/2014\/12\/DSCF0229.jpg\"><img decoding=\"async\" loading=\"lazy\" class=\"alignnone size-medium wp-image-677\" alt=\"DSCF0229\" src=\"http:\/\/csapokert.gorogkatolikus.hu\/wp-content\/uploads\/2014\/12\/DSCF0229-300x225.jpg\" width=\"300\" height=\"225\" srcset=\"http:\/\/csapokert.gorogkatolikus.hu\/wp-content\/uploads\/2014\/12\/DSCF0229-300x225.jpg 300w, http:\/\/csapokert.gorogkatolikus.hu\/wp-content\/uploads\/2014\/12\/DSCF0229-1024x768.jpg 1024w, http:\/\/csapokert.gorogkatolikus.hu\/wp-content\/uploads\/2014\/12\/DSCF0229-634x475.jpg 634w, http:\/\/csapokert.gorogkatolikus.hu\/wp-content\/uploads\/2014\/12\/DSCF0229-924x693.jpg 924w\" sizes=\"(max-width: 300px) 100vw, 300px\" \/><\/a> <a href=\"http:\/\/csapokert.gorogkatolikus.hu\/wp-content\/uploads\/2014\/12\/DSCF0231.jpg\"><img decoding=\"async\" loading=\"lazy\" class=\"alignnone size-medium wp-image-678\" alt=\"DSCF0231\" src=\"http:\/\/csapokert.gorogkatolikus.hu\/wp-content\/uploads\/2014\/12\/DSCF0231-300x225.jpg\" width=\"300\" height=\"225\" srcset=\"http:\/\/csapokert.gorogkatolikus.hu\/wp-content\/uploads\/2014\/12\/DSCF0231-300x225.jpg 300w, http:\/\/csapokert.gorogkatolikus.hu\/wp-content\/uploads\/2014\/12\/DSCF0231-1024x768.jpg 1024w, http:\/\/csapokert.gorogkatolikus.hu\/wp-content\/uploads\/2014\/12\/DSCF0231-634x475.jpg 634w, http:\/\/csapokert.gorogkatolikus.hu\/wp-content\/uploads\/2014\/12\/DSCF0231-924x693.jpg 924w\" sizes=\"(max-width: 300px) 100vw, 300px\" \/><\/a> <a href=\"http:\/\/csapokert.gorogkatolikus.hu\/wp-content\/uploads\/2014\/12\/DSCF0233.jpg\"><img decoding=\"async\" loading=\"lazy\" class=\"alignnone size-medium wp-image-679\" alt=\"DSCF0233\" src=\"http:\/\/csapokert.gorogkatolikus.hu\/wp-content\/uploads\/2014\/12\/DSCF0233-300x225.jpg\" width=\"300\" height=\"225\" srcset=\"http:\/\/csapokert.gorogkatolikus.hu\/wp-content\/uploads\/2014\/12\/DSCF0233-300x225.jpg 300w, http:\/\/csapokert.gorogkatolikus.hu\/wp-content\/uploads\/2014\/12\/DSCF0233-1024x768.jpg 1024w, http:\/\/csapokert.gorogkatolikus.hu\/wp-content\/uploads\/2014\/12\/DSCF0233-634x475.jpg 634w, http:\/\/csapokert.gorogkatolikus.hu\/wp-content\/uploads\/2014\/12\/DSCF0233-924x693.jpg 924w\" sizes=\"(max-width: 300px) 100vw, 300px\" \/><\/a> <a href=\"http:\/\/csapokert.gorogkatolikus.hu\/wp-content\/uploads\/2014\/12\/DSCF0235.jpg\"><img decoding=\"async\" loading=\"lazy\" class=\"alignnone size-medium wp-image-680\" alt=\"DSCF0235\" src=\"http:\/\/csapokert.gorogkatolikus.hu\/wp-content\/uploads\/2014\/12\/DSCF0235-300x225.jpg\" width=\"300\" height=\"225\" srcset=\"http:\/\/csapokert.gorogkatolikus.hu\/wp-content\/uploads\/2014\/12\/DSCF0235-300x225.jpg 300w, http:\/\/csapokert.gorogkatolikus.hu\/wp-content\/uploads\/2014\/12\/DSCF0235-1024x768.jpg 1024w, http:\/\/csapokert.gorogkatolikus.hu\/wp-content\/uploads\/2014\/12\/DSCF0235-634x475.jpg 634w, http:\/\/csapokert.gorogkatolikus.hu\/wp-content\/uploads\/2014\/12\/DSCF0235-924x693.jpg 924w\" sizes=\"(max-width: 300px) 100vw, 300px\" \/><\/a><\/p>\n","protected":false},"excerpt":{"rendered":"<p>\u201eE jelben gy\u0151zni fogsz\u201d hallotta a mennyei sz\u00f3zatot \u00e1lm\u00e1ban Nagy Konstantin a pog\u00e1ny ellencs\u00e1sz\u00e1rral v\u00edvott gy\u0151ztes csat\u00e1ja el\u0151tt R\u00f3ma milviusi h\u00eddj\u00e1n\u00e1l, \u00e9s egy l\u00e1ngol\u00f3 kereszt jelent meg neki. A kereszt eredeti funkci\u00f3ja napjainkra a vall\u00e1sos nevel\u00e9st nem kapott emberek sz\u00e1m\u00e1ra m\u00e1r a feled\u00e9s hom\u00e1ly\u00e1ba borul. A vall\u00e1sos ember sz\u00e1m\u00e1ra pedig eg\u00e9szen m\u00e1st jelent, mint jelentett [&hellip;]<\/p>\n","protected":false},"author":2,"featured_media":0,"comment_status":"closed","ping_status":"closed","sticky":false,"template":"","format":"standard","meta":{"ngg_post_thumbnail":0},"categories":[1],"tags":[],"_links":{"self":[{"href":"http:\/\/csapokert.gorogkatolikus.hu\/index.php?rest_route=\/wp\/v2\/posts\/672"}],"collection":[{"href":"http:\/\/csapokert.gorogkatolikus.hu\/index.php?rest_route=\/wp\/v2\/posts"}],"about":[{"href":"http:\/\/csapokert.gorogkatolikus.hu\/index.php?rest_route=\/wp\/v2\/types\/post"}],"author":[{"embeddable":true,"href":"http:\/\/csapokert.gorogkatolikus.hu\/index.php?rest_route=\/wp\/v2\/users\/2"}],"replies":[{"embeddable":true,"href":"http:\/\/csapokert.gorogkatolikus.hu\/index.php?rest_route=%2Fwp%2Fv2%2Fcomments&post=672"}],"version-history":[{"count":2,"href":"http:\/\/csapokert.gorogkatolikus.hu\/index.php?rest_route=\/wp\/v2\/posts\/672\/revisions"}],"predecessor-version":[{"id":682,"href":"http:\/\/csapokert.gorogkatolikus.hu\/index.php?rest_route=\/wp\/v2\/posts\/672\/revisions\/682"}],"wp:attachment":[{"href":"http:\/\/csapokert.gorogkatolikus.hu\/index.php?rest_route=%2Fwp%2Fv2%2Fmedia&parent=672"}],"wp:term":[{"taxonomy":"category","embeddable":true,"href":"http:\/\/csapokert.gorogkatolikus.hu\/index.php?rest_route=%2Fwp%2Fv2%2Fcategories&post=672"},{"taxonomy":"post_tag","embeddable":true,"href":"http:\/\/csapokert.gorogkatolikus.hu\/index.php?rest_route=%2Fwp%2Fv2%2Ftags&post=672"}],"curies":[{"name":"wp","href":"https:\/\/api.w.org\/{rel}","templated":true}]}}