{"id":713,"date":"2014-12-14T22:19:57","date_gmt":"2014-12-14T22:19:57","guid":{"rendered":"http:\/\/csapokert.gorogkatolikus.hu\/?p=713"},"modified":"2014-12-14T22:22:33","modified_gmt":"2014-12-14T22:22:33","slug":"unnepi-szertartasrend","status":"publish","type":"post","link":"http:\/\/csapokert.gorogkatolikus.hu\/?p=713","title":{"rendered":"\u00dcnnepi szertart\u00e1srend"},"content":{"rendered":"<address><span style=\"text-decoration: underline;color: #000080\">2014. december\u00a0<\/span><\/address>\n<table style=\"width: 787px\" border=\"1\" cellspacing=\"0\" cellpadding=\"0\">\n<tbody>\n<tr>\n<td valign=\"top\" width=\"143\">\n<address><span style=\"color: #000080\">24. szerda<\/span><\/address>\n<\/td>\n<td valign=\"top\" width=\"471\">\n<address><span style=\"color: #000080\">\u00a0 \u00a0 \u00a0 \u00a0 \u00a0 \u00a0 \u00a015.00 \u00c9l\u0151 Betlehem, \u00e9s kar\u00e1csonyi k\u00e1nt\u00e1l\u00e1s<\/span><\/address>\n<address><span style=\"color: #000080\">\u00a0 \u00a0 \u00a0 \u00a0 \u00a0 \u00a0 \u00a016.00 P\u00e1sztorj\u00e1t\u00e9k<\/span><\/address>\n<address><span style=\"color: #000080\">\u00a0 \u00a0 \u00a0 \u00a0 \u00a0 \u00a0<\/span> \u00a0<span style=\"color: #333399\">23.30 kar\u00e1csonyi zsolozsma<\/span><\/address>\n<address><span style=\"color: #333399\">\u00a0 \u00a0 \u00a0 \u00a0 \u00a0 \u00a0 \u00a024.00 kar\u00e1csonyi \u00e9jf\u00e9li Szent Liturgia<!--more--><\/span><\/address>\n<\/td>\n<\/tr>\n<\/tbody>\n<\/table>\n<table border=\"1\" cellspacing=\"0\" cellpadding=\"0\">\n<tbody>\n<tr>\n<td valign=\"top\" width=\"143\"><\/td>\n<td valign=\"top\" width=\"471\">\n<address><span style=\"color: #000080\">\u00a0<\/span><\/address>\n<\/td>\n<\/tr>\n<tr>\n<td valign=\"top\" width=\"143\">\n<address><span style=\"color: #000080\">25. cs\u00fct\u00f6rt\u00f6k<\/span><\/address>\n<\/td>\n<td valign=\"top\" width=\"471\">\n<address><span style=\"color: #000080\"><i>Kar\u00e1csony I<\/i>.\u00a0\u00a0 8. 30 Utrenye<\/span><\/address>\n<address><span style=\"color: #000080\">\u00a0 \u00a0 \u00a0 \u00a0 \u00a0 \u00a0 \u00a0 \u00a0 \u00a0 \u00a0 9. 30 Szent Liturgia<\/span><\/address>\n<\/td>\n<\/tr>\n<tr>\n<td valign=\"top\" width=\"143\">\n<address><span style=\"color: #000080\">26. p\u00e9ntek<\/span><\/address>\n<\/td>\n<td valign=\"top\" width=\"471\">\n<address><span style=\"color: #000080\"><i>Kar\u00e1csony II<\/i>.\u00a0 8. 30 Utrenye<\/span><\/address>\n<address><span style=\"color: #000080\">\u00a0 \u00a0 \u00a0 \u00a0 \u00a0 \u00a0 \u00a0 \u00a0 \u00a0 \u00a0 9. 30 Szent Liturgia<\/span><\/address>\n<\/td>\n<\/tr>\n<tr>\n<td valign=\"top\" width=\"143\">\n<address><span style=\"color: #000080\">27. szombat<\/span><\/address>\n<\/td>\n<td valign=\"top\" width=\"471\">\n<address><span style=\"color: #000080\"><i>Kar\u00e1csony III<\/i>. 8. 30 Utrenye<\/span><\/address>\n<p><span style=\"color: #000080\">\u00a0 \u00a0 \u00a0 \u00a0 \u00a0 \u00a0 \u00a0 \u00a0 \u00a0 \u00a0 9. 30 Szent Liturgia<\/span><\/td>\n<\/tr>\n<tr>\n<td valign=\"top\" width=\"143\">\n<address><span style=\"color: #000080\">28. vas\u00e1rnap<\/span><\/address>\n<\/td>\n<td valign=\"top\" width=\"471\">\n<address><span style=\"color: #000080\">\u00a0 \u00a0 \u00a0 \u00a0 \u00a0 \u00a0 \u00a0 \u00a0 \u00a0 \u00a0 8.30 Utrenye<\/span><\/address>\n<address><span style=\"color: #000080\">\u00a0 \u00a0 \u00a0 \u00a0 \u00a0 \u00a0 \u00a0 \u00a0 \u00a0 \u00a0 9.30 Szent Liturgia<\/span><\/address>\n<\/td>\n<\/tr>\n<tr>\n<td valign=\"top\" width=\"143\">\n<address><span style=\"color: #000080\">31. szerda<\/span><\/address>\n<\/td>\n<td valign=\"top\" width=\"471\">\n<address><span style=\"color: #000080\">\u00a0 \u00a0 \u00a0 \u00a0 \u00a0 \u00a0 \u00a0 \u00a0 \u00a0 \u00a0 9.30 Szent Liturgia \u00e9v v\u00e9gi h\u00e1laad\u00e1ssal\u00a0\u00a0\u00a0\u00a0\u00a0\u00a0\u00a0\u00a0\u00a0\u00a0\u00a0\u00a0\u00a0\u00a0\u00a0\u00a0\u00a0\u00a0\u00a0\u00a0\u00a0\u00a0\u00a0\u00a0\u00a0\u00a0\u00a0\u00a0\u00a0\u00a0\u00a0\u00a0\u00a0\u00a0<\/span><\/address>\n<\/td>\n<\/tr>\n<tr>\n<td valign=\"top\" width=\"143\">\n<address><span style=\"color: #000080\">\u00a02014. JANU\u00c1R<\/span><\/address>\n<\/td>\n<td valign=\"top\" width=\"471\"><span style=\"color: #000080;font-size: 13px;font-style: italic;font-family: Arial, Helvetica, sans-serif;line-height: 21px\">\u00a0<\/span><\/td>\n<\/tr>\n<\/tbody>\n<\/table>\n<table border=\"1\" cellspacing=\"0\" cellpadding=\"0\">\n<tbody>\n<tr>\n<td valign=\"top\" width=\"143\">\n<address><span style=\"color: #000080\">1. cs\u00fct\u00f6rt\u00f6k<\/span><\/address>\n<\/td>\n<td valign=\"top\" width=\"471\">\n<address><span style=\"color: #000080\"><i>\u00daj\u00e9v<\/i>\u00a0 \u00a0 \u00a0 \u00a0 \u00a0 \u00a0 \u00a0 9. 30 Szent Liturgia<\/span><\/address>\n<\/td>\n<\/tr>\n<\/tbody>\n<\/table>\n","protected":false},"excerpt":{"rendered":"<p>2014. december\u00a0 24. szerda \u00a0 \u00a0 \u00a0 \u00a0 \u00a0 \u00a0 \u00a015.00 \u00c9l\u0151 Betlehem, \u00e9s kar\u00e1csonyi k\u00e1nt\u00e1l\u00e1s \u00a0 \u00a0 \u00a0 \u00a0 \u00a0 \u00a0 \u00a016.00 P\u00e1sztorj\u00e1t\u00e9k \u00a0 \u00a0 \u00a0 \u00a0 \u00a0 \u00a0 \u00a023.30 kar\u00e1csonyi zsolozsma \u00a0 \u00a0 \u00a0 \u00a0 \u00a0 \u00a0 \u00a024.00 kar\u00e1csonyi \u00e9jf\u00e9li Szent Liturgia<\/p>\n","protected":false},"author":2,"featured_media":0,"comment_status":"closed","ping_status":"closed","sticky":false,"template":"","format":"standard","meta":{"ngg_post_thumbnail":0},"categories":[1],"tags":[],"_links":{"self":[{"href":"http:\/\/csapokert.gorogkatolikus.hu\/index.php?rest_route=\/wp\/v2\/posts\/713"}],"collection":[{"href":"http:\/\/csapokert.gorogkatolikus.hu\/index.php?rest_route=\/wp\/v2\/posts"}],"about":[{"href":"http:\/\/csapokert.gorogkatolikus.hu\/index.php?rest_route=\/wp\/v2\/types\/post"}],"author":[{"embeddable":true,"href":"http:\/\/csapokert.gorogkatolikus.hu\/index.php?rest_route=\/wp\/v2\/users\/2"}],"replies":[{"embeddable":true,"href":"http:\/\/csapokert.gorogkatolikus.hu\/index.php?rest_route=%2Fwp%2Fv2%2Fcomments&post=713"}],"version-history":[{"count":9,"href":"http:\/\/csapokert.gorogkatolikus.hu\/index.php?rest_route=\/wp\/v2\/posts\/713\/revisions"}],"predecessor-version":[{"id":724,"href":"http:\/\/csapokert.gorogkatolikus.hu\/index.php?rest_route=\/wp\/v2\/posts\/713\/revisions\/724"}],"wp:attachment":[{"href":"http:\/\/csapokert.gorogkatolikus.hu\/index.php?rest_route=%2Fwp%2Fv2%2Fmedia&parent=713"}],"wp:term":[{"taxonomy":"category","embeddable":true,"href":"http:\/\/csapokert.gorogkatolikus.hu\/index.php?rest_route=%2Fwp%2Fv2%2Fcategories&post=713"},{"taxonomy":"post_tag","embeddable":true,"href":"http:\/\/csapokert.gorogkatolikus.hu\/index.php?rest_route=%2Fwp%2Fv2%2Ftags&post=713"}],"curies":[{"name":"wp","href":"https:\/\/api.w.org\/{rel}","templated":true}]}}