{"id":730,"date":"2015-06-08T13:52:20","date_gmt":"2015-06-08T13:52:20","guid":{"rendered":"http:\/\/csapokert.gorogkatolikus.hu\/?p=730"},"modified":"2015-06-08T13:53:09","modified_gmt":"2015-06-08T13:53:09","slug":"kozeledjetek-istenhez-es-o-kozeledni-fog-hozzatok-jak-48","status":"publish","type":"post","link":"http:\/\/csapokert.gorogkatolikus.hu\/?p=730","title":{"rendered":"K\u00f6zeledjetek Istenhez, \u00e9s \u0150 k\u00f6zeledni fog hozz\u00e1tok. Jak. 4,8"},"content":{"rendered":"<p><img decoding=\"async\" loading=\"lazy\" class=\" wp-image-731 alignleft\" alt=\"IMG_1266\" src=\"http:\/\/csapokert.gorogkatolikus.hu\/wp-content\/uploads\/2015\/06\/IMG_1266-300x200.jpg\" width=\"240\" height=\"160\" data-id=\"731\" srcset=\"http:\/\/csapokert.gorogkatolikus.hu\/wp-content\/uploads\/2015\/06\/IMG_1266-300x200.jpg 300w, http:\/\/csapokert.gorogkatolikus.hu\/wp-content\/uploads\/2015\/06\/IMG_1266-1024x682.jpg 1024w, http:\/\/csapokert.gorogkatolikus.hu\/wp-content\/uploads\/2015\/06\/IMG_1266-634x422.jpg 634w, http:\/\/csapokert.gorogkatolikus.hu\/wp-content\/uploads\/2015\/06\/IMG_1266-924x616.jpg 924w\" sizes=\"(max-width: 240px) 100vw, 240px\" \/><\/p>\n<p>Szent Jakab apostol \u00edrta a c\u00edmben szerepl\u0151 mondatot. \u00dagy gondolom, M\u00e1rtinak, D\u00f3rinak, Eszternek, Emes\u00e9nek, Juditnak, Andrisnak, G\u00e1bornak, \u00e9s Tominak 2015 p\u00fcnk\u00f6sdvas\u00e1rnapja val\u00f3ban a nagy tal\u00e1lkoz\u00e1sr\u00f3l sz\u00f3lt. K\u00f6zeledtek a szents\u00e9gi J\u00e9zushoz, \u00e9s tal\u00e1lkozhattak is vele.<\/p>\n<p>&nbsp;<\/p>\n<p>&nbsp;<\/p>\n<p><!--more-->M\u00e9g Okt\u00f3berben kezd\u0151d\u00f6tt az els\u0151 k\u00f6z\u00f6s foglalkoz\u00e1s, a vas\u00e1rnapi Liturgi\u00e1k ut\u00e1n. Akkor m\u00e9g f\u00e9lve hozt\u00e1k magukkal az imak\u00f6nyvet \u00e9s a f\u00fczet\u00fcket. \u00cdgy kezd\u0151d\u00f6tt a k\u00f6z\u00f6s munka. Kar\u00e1csonykor a leend\u0151 els\u0151\u00e1ldoz\u00f3k k\u00f6zrem\u0171k\u00f6d\u00e9s\u00e9vel sz\u00e9p m\u0171sort adtunk a templomban. Ezzel is val\u00f3div\u00e1 szerett\u00fck volna tenni az egyh\u00e1zhoz val\u00f3 tartoz\u00e1sukat. \u0150k is fontos tagjai Isten n\u00e9p\u00e9nek. Egy csal\u00e1dban szeretik egym\u00e1st a tagok. Ahogy teltek m\u00faltak a hetek \u00e9s h\u00f3napok \u00fagy lett a 8 gyerekb\u0151l egy olyan kis vid\u00e1m t\u00e1rsas\u00e1g, akik\u00e9rt folyamatosan im\u00e1dkoztak az egyh\u00e1zk\u00f6zs\u00e9g tagjai. Az im\u00e1k meghallgat\u00e1sra tal\u00e1ltak. Ahogy k\u00f6zeledett a p\u00fcnk\u00f6sd \u00fcnnepe, \u00fagy k\u00f6zeledtek a gyerekek is tud\u00e1sban, viselked\u00e9sben ahhoz a szinthez amit, elv\u00e1rhatunk egy ilyen fiatalt\u00f3l. A tud\u00e1sukr\u00f3l sz\u00e1mot adtak p\u00fcnk\u00f6sd el\u0151tti szombaton, \u00e9s az els\u0151 gy\u00f3n\u00e1s kegyelme \u0151ket is seg\u00edtette, hogy tiszta l\u00e9lekkel tal\u00e1lkozzanak J\u00e9zussal a keny\u00e9r \u00e9s a bor sz\u00edn\u00e9ben. A p\u00fcnk\u00f6sdvas\u00e1rnap val\u00f3ban az \u00dar napja volt, amit megszentelt\u00fcnk \u00e9s meg\u00fcnnepelt\u00fcnk. A sz\u00fcl\u0151k is k\u00f6sz\u00f6netet mondhattak Istennek a kapott kegyelmek\u00e9rt, amit gyermek\u00fckt\u0151l kaptak az \u00e9vek sor\u00e1n. Mi is k\u00f6sz\u00f6nj\u00fck a sz\u00fcl\u0151knek, hogy nem felejtett\u00e9k el kereszt\u00e9nyi k\u00f6teless\u00e9g\u00fcket, gyermek\u00fck vall\u00e1sos nevel\u00e9s\u00e9vel kapcsolatban. Rem\u00e9lj\u00fck a k\u00f6zeled\u00e9s megmarad, \u00e9s az \u00dar is meg\u00e1ldja \u0151ket.<\/p>\n<p>&nbsp;<\/p>\n<p>T\u00f3thbegyi Zsolt<\/p>\n<p>hitoktat\u00f3<\/p>\n<p><a href=\"http:\/\/csapokert.gorogkatolikus.hu\/wp-content\/uploads\/2015\/06\/DSCF0698-e1433771427594.jpg\"><img decoding=\"async\" loading=\"lazy\" class=\"alignnone size-medium wp-image-746\" alt=\"DSCF0698\" src=\"http:\/\/csapokert.gorogkatolikus.hu\/wp-content\/uploads\/2015\/06\/DSCF0698-e1433771427594-225x300.jpg\" width=\"225\" height=\"300\" data-id=\"746\" srcset=\"http:\/\/csapokert.gorogkatolikus.hu\/wp-content\/uploads\/2015\/06\/DSCF0698-e1433771427594-225x300.jpg 225w, http:\/\/csapokert.gorogkatolikus.hu\/wp-content\/uploads\/2015\/06\/DSCF0698-e1433771427594-768x1024.jpg 768w, http:\/\/csapokert.gorogkatolikus.hu\/wp-content\/uploads\/2015\/06\/DSCF0698-e1433771427594.jpg 1944w\" sizes=\"(max-width: 225px) 100vw, 225px\" \/><\/a> <a href=\"http:\/\/csapokert.gorogkatolikus.hu\/wp-content\/uploads\/2015\/06\/DSCF0699-e1433771389326.jpg\"><img decoding=\"async\" loading=\"lazy\" class=\"alignnone size-medium wp-image-747\" alt=\"DSCF0699\" src=\"http:\/\/csapokert.gorogkatolikus.hu\/wp-content\/uploads\/2015\/06\/DSCF0699-e1433771389326-225x300.jpg\" width=\"225\" height=\"300\" data-id=\"747\" srcset=\"http:\/\/csapokert.gorogkatolikus.hu\/wp-content\/uploads\/2015\/06\/DSCF0699-e1433771389326-225x300.jpg 225w, http:\/\/csapokert.gorogkatolikus.hu\/wp-content\/uploads\/2015\/06\/DSCF0699-e1433771389326-768x1024.jpg 768w, http:\/\/csapokert.gorogkatolikus.hu\/wp-content\/uploads\/2015\/06\/DSCF0699-e1433771389326.jpg 1944w\" sizes=\"(max-width: 225px) 100vw, 225px\" \/><\/a> <a href=\"http:\/\/csapokert.gorogkatolikus.hu\/wp-content\/uploads\/2015\/06\/DSCF0697-e1433771460900.jpg\"><img decoding=\"async\" loading=\"lazy\" class=\"alignnone size-medium wp-image-745\" alt=\"DSCF0697\" src=\"http:\/\/csapokert.gorogkatolikus.hu\/wp-content\/uploads\/2015\/06\/DSCF0697-e1433771460900-225x300.jpg\" width=\"225\" height=\"300\" data-id=\"745\" srcset=\"http:\/\/csapokert.gorogkatolikus.hu\/wp-content\/uploads\/2015\/06\/DSCF0697-e1433771460900-225x300.jpg 225w, http:\/\/csapokert.gorogkatolikus.hu\/wp-content\/uploads\/2015\/06\/DSCF0697-e1433771460900-768x1024.jpg 768w, http:\/\/csapokert.gorogkatolikus.hu\/wp-content\/uploads\/2015\/06\/DSCF0697-e1433771460900.jpg 1944w\" sizes=\"(max-width: 225px) 100vw, 225px\" \/><\/a> <a href=\"http:\/\/csapokert.gorogkatolikus.hu\/wp-content\/uploads\/2015\/06\/DSCF0696-e1433771446876.jpg\"><img decoding=\"async\" loading=\"lazy\" class=\"alignnone size-medium wp-image-744\" alt=\"DSCF0696\" src=\"http:\/\/csapokert.gorogkatolikus.hu\/wp-content\/uploads\/2015\/06\/DSCF0696-e1433771446876-225x300.jpg\" width=\"225\" height=\"300\" data-id=\"744\" srcset=\"http:\/\/csapokert.gorogkatolikus.hu\/wp-content\/uploads\/2015\/06\/DSCF0696-e1433771446876-225x300.jpg 225w, http:\/\/csapokert.gorogkatolikus.hu\/wp-content\/uploads\/2015\/06\/DSCF0696-e1433771446876-768x1024.jpg 768w, http:\/\/csapokert.gorogkatolikus.hu\/wp-content\/uploads\/2015\/06\/DSCF0696-e1433771446876.jpg 1944w\" sizes=\"(max-width: 225px) 100vw, 225px\" \/><\/a> <a href=\"http:\/\/csapokert.gorogkatolikus.hu\/wp-content\/uploads\/2015\/06\/DSCF0695-e1433771475657.jpg\"><img decoding=\"async\" loading=\"lazy\" class=\"alignnone size-medium wp-image-743\" alt=\"DSCF0695\" src=\"http:\/\/csapokert.gorogkatolikus.hu\/wp-content\/uploads\/2015\/06\/DSCF0695-e1433771475657-225x300.jpg\" width=\"225\" height=\"300\" data-id=\"743\" srcset=\"http:\/\/csapokert.gorogkatolikus.hu\/wp-content\/uploads\/2015\/06\/DSCF0695-e1433771475657-225x300.jpg 225w, http:\/\/csapokert.gorogkatolikus.hu\/wp-content\/uploads\/2015\/06\/DSCF0695-e1433771475657-768x1024.jpg 768w, http:\/\/csapokert.gorogkatolikus.hu\/wp-content\/uploads\/2015\/06\/DSCF0695-e1433771475657.jpg 1944w\" sizes=\"(max-width: 225px) 100vw, 225px\" \/><\/a> <a href=\"http:\/\/csapokert.gorogkatolikus.hu\/wp-content\/uploads\/2015\/06\/DSCF0692.jpg\"><img decoding=\"async\" loading=\"lazy\" class=\"alignnone size-medium wp-image-740\" alt=\"DSCF0692\" src=\"http:\/\/csapokert.gorogkatolikus.hu\/wp-content\/uploads\/2015\/06\/DSCF0692-300x225.jpg\" width=\"300\" height=\"225\" data-id=\"740\" srcset=\"http:\/\/csapokert.gorogkatolikus.hu\/wp-content\/uploads\/2015\/06\/DSCF0692-300x225.jpg 300w, http:\/\/csapokert.gorogkatolikus.hu\/wp-content\/uploads\/2015\/06\/DSCF0692-1024x768.jpg 1024w, http:\/\/csapokert.gorogkatolikus.hu\/wp-content\/uploads\/2015\/06\/DSCF0692-634x475.jpg 634w, http:\/\/csapokert.gorogkatolikus.hu\/wp-content\/uploads\/2015\/06\/DSCF0692-924x693.jpg 924w\" sizes=\"(max-width: 300px) 100vw, 300px\" \/><\/a> <a href=\"http:\/\/csapokert.gorogkatolikus.hu\/wp-content\/uploads\/2015\/06\/IMG_1274.jpg\"><img decoding=\"async\" loading=\"lazy\" class=\"alignnone size-medium wp-image-739\" alt=\"IMG_1274\" src=\"http:\/\/csapokert.gorogkatolikus.hu\/wp-content\/uploads\/2015\/06\/IMG_1274-300x200.jpg\" width=\"300\" height=\"200\" data-id=\"739\" srcset=\"http:\/\/csapokert.gorogkatolikus.hu\/wp-content\/uploads\/2015\/06\/IMG_1274-300x200.jpg 300w, http:\/\/csapokert.gorogkatolikus.hu\/wp-content\/uploads\/2015\/06\/IMG_1274-1024x682.jpg 1024w, http:\/\/csapokert.gorogkatolikus.hu\/wp-content\/uploads\/2015\/06\/IMG_1274-634x422.jpg 634w, http:\/\/csapokert.gorogkatolikus.hu\/wp-content\/uploads\/2015\/06\/IMG_1274-924x616.jpg 924w\" sizes=\"(max-width: 300px) 100vw, 300px\" \/><\/a> <a href=\"http:\/\/csapokert.gorogkatolikus.hu\/wp-content\/uploads\/2015\/06\/IMG_1273.jpg\"><img decoding=\"async\" loading=\"lazy\" class=\"alignnone size-medium wp-image-738\" alt=\"IMG_1273\" src=\"http:\/\/csapokert.gorogkatolikus.hu\/wp-content\/uploads\/2015\/06\/IMG_1273-300x200.jpg\" width=\"300\" height=\"200\" data-id=\"738\" srcset=\"http:\/\/csapokert.gorogkatolikus.hu\/wp-content\/uploads\/2015\/06\/IMG_1273-300x200.jpg 300w, http:\/\/csapokert.gorogkatolikus.hu\/wp-content\/uploads\/2015\/06\/IMG_1273-1024x682.jpg 1024w, http:\/\/csapokert.gorogkatolikus.hu\/wp-content\/uploads\/2015\/06\/IMG_1273-634x422.jpg 634w, http:\/\/csapokert.gorogkatolikus.hu\/wp-content\/uploads\/2015\/06\/IMG_1273-924x616.jpg 924w\" sizes=\"(max-width: 300px) 100vw, 300px\" \/><\/a> <a href=\"http:\/\/csapokert.gorogkatolikus.hu\/wp-content\/uploads\/2015\/06\/DSCF0694-e1433771490738.jpg\"><img decoding=\"async\" loading=\"lazy\" class=\"alignnone size-medium wp-image-742\" alt=\"DSCF0694\" src=\"http:\/\/csapokert.gorogkatolikus.hu\/wp-content\/uploads\/2015\/06\/DSCF0694-e1433771490738-225x300.jpg\" width=\"225\" height=\"300\" data-id=\"742\" srcset=\"http:\/\/csapokert.gorogkatolikus.hu\/wp-content\/uploads\/2015\/06\/DSCF0694-e1433771490738-225x300.jpg 225w, http:\/\/csapokert.gorogkatolikus.hu\/wp-content\/uploads\/2015\/06\/DSCF0694-e1433771490738-768x1024.jpg 768w, http:\/\/csapokert.gorogkatolikus.hu\/wp-content\/uploads\/2015\/06\/DSCF0694-e1433771490738.jpg 1944w\" sizes=\"(max-width: 225px) 100vw, 225px\" \/><\/a> <a href=\"http:\/\/csapokert.gorogkatolikus.hu\/wp-content\/uploads\/2015\/06\/DSCF0693-e1433771271493.jpg\"><img decoding=\"async\" loading=\"lazy\" class=\"alignnone size-medium wp-image-741\" alt=\"DSCF0693\" src=\"http:\/\/csapokert.gorogkatolikus.hu\/wp-content\/uploads\/2015\/06\/DSCF0693-e1433771271493-225x300.jpg\" width=\"225\" height=\"300\" data-id=\"741\" srcset=\"http:\/\/csapokert.gorogkatolikus.hu\/wp-content\/uploads\/2015\/06\/DSCF0693-e1433771271493-225x300.jpg 225w, http:\/\/csapokert.gorogkatolikus.hu\/wp-content\/uploads\/2015\/06\/DSCF0693-e1433771271493-768x1024.jpg 768w, http:\/\/csapokert.gorogkatolikus.hu\/wp-content\/uploads\/2015\/06\/DSCF0693-e1433771271493.jpg 1944w\" sizes=\"(max-width: 225px) 100vw, 225px\" \/><\/a> <a href=\"http:\/\/csapokert.gorogkatolikus.hu\/wp-content\/uploads\/2015\/06\/IMG_1272.jpg\"><img decoding=\"async\" loading=\"lazy\" class=\"alignnone size-medium wp-image-737\" alt=\"IMG_1272\" src=\"http:\/\/csapokert.gorogkatolikus.hu\/wp-content\/uploads\/2015\/06\/IMG_1272-300x200.jpg\" width=\"300\" height=\"200\" data-id=\"737\" srcset=\"http:\/\/csapokert.gorogkatolikus.hu\/wp-content\/uploads\/2015\/06\/IMG_1272-300x200.jpg 300w, http:\/\/csapokert.gorogkatolikus.hu\/wp-content\/uploads\/2015\/06\/IMG_1272-1024x682.jpg 1024w, http:\/\/csapokert.gorogkatolikus.hu\/wp-content\/uploads\/2015\/06\/IMG_1272-634x422.jpg 634w, http:\/\/csapokert.gorogkatolikus.hu\/wp-content\/uploads\/2015\/06\/IMG_1272-924x616.jpg 924w\" sizes=\"(max-width: 300px) 100vw, 300px\" \/><\/a> <a href=\"http:\/\/csapokert.gorogkatolikus.hu\/wp-content\/uploads\/2015\/06\/IMG_1271.jpg\"><img decoding=\"async\" loading=\"lazy\" class=\"alignnone size-medium wp-image-736\" alt=\"IMG_1271\" src=\"http:\/\/csapokert.gorogkatolikus.hu\/wp-content\/uploads\/2015\/06\/IMG_1271-300x200.jpg\" width=\"300\" height=\"200\" data-id=\"736\" srcset=\"http:\/\/csapokert.gorogkatolikus.hu\/wp-content\/uploads\/2015\/06\/IMG_1271-300x200.jpg 300w, http:\/\/csapokert.gorogkatolikus.hu\/wp-content\/uploads\/2015\/06\/IMG_1271-1024x682.jpg 1024w, http:\/\/csapokert.gorogkatolikus.hu\/wp-content\/uploads\/2015\/06\/IMG_1271-634x422.jpg 634w, http:\/\/csapokert.gorogkatolikus.hu\/wp-content\/uploads\/2015\/06\/IMG_1271-924x616.jpg 924w\" sizes=\"(max-width: 300px) 100vw, 300px\" \/><\/a> <a href=\"http:\/\/csapokert.gorogkatolikus.hu\/wp-content\/uploads\/2015\/06\/IMG_1244.jpg\"><img decoding=\"async\" loading=\"lazy\" class=\"alignnone size-medium wp-image-734\" alt=\"IMG_1244\" src=\"http:\/\/csapokert.gorogkatolikus.hu\/wp-content\/uploads\/2015\/06\/IMG_1244-300x200.jpg\" width=\"300\" height=\"200\" data-id=\"734\" srcset=\"http:\/\/csapokert.gorogkatolikus.hu\/wp-content\/uploads\/2015\/06\/IMG_1244-300x200.jpg 300w, http:\/\/csapokert.gorogkatolikus.hu\/wp-content\/uploads\/2015\/06\/IMG_1244-1024x682.jpg 1024w, http:\/\/csapokert.gorogkatolikus.hu\/wp-content\/uploads\/2015\/06\/IMG_1244-634x422.jpg 634w, http:\/\/csapokert.gorogkatolikus.hu\/wp-content\/uploads\/2015\/06\/IMG_1244-924x616.jpg 924w\" sizes=\"(max-width: 300px) 100vw, 300px\" \/><\/a> <a href=\"http:\/\/csapokert.gorogkatolikus.hu\/wp-content\/uploads\/2015\/06\/IMG_1243.jpg\"><img decoding=\"async\" loading=\"lazy\" class=\"alignnone size-medium wp-image-733\" alt=\"IMG_1243\" src=\"http:\/\/csapokert.gorogkatolikus.hu\/wp-content\/uploads\/2015\/06\/IMG_1243-300x200.jpg\" width=\"300\" height=\"200\" data-id=\"733\" srcset=\"http:\/\/csapokert.gorogkatolikus.hu\/wp-content\/uploads\/2015\/06\/IMG_1243-300x200.jpg 300w, http:\/\/csapokert.gorogkatolikus.hu\/wp-content\/uploads\/2015\/06\/IMG_1243-1024x682.jpg 1024w, http:\/\/csapokert.gorogkatolikus.hu\/wp-content\/uploads\/2015\/06\/IMG_1243-634x422.jpg 634w, http:\/\/csapokert.gorogkatolikus.hu\/wp-content\/uploads\/2015\/06\/IMG_1243-924x616.jpg 924w\" sizes=\"(max-width: 300px) 100vw, 300px\" \/><\/a> <a href=\"http:\/\/csapokert.gorogkatolikus.hu\/wp-content\/uploads\/2015\/06\/IMG_1266.jpg\"><img decoding=\"async\" loading=\"lazy\" class=\"alignnone size-medium wp-image-731\" alt=\"IMG_1266\" src=\"http:\/\/csapokert.gorogkatolikus.hu\/wp-content\/uploads\/2015\/06\/IMG_1266-300x200.jpg\" width=\"300\" height=\"200\" data-id=\"731\" srcset=\"http:\/\/csapokert.gorogkatolikus.hu\/wp-content\/uploads\/2015\/06\/IMG_1266-300x200.jpg 300w, http:\/\/csapokert.gorogkatolikus.hu\/wp-content\/uploads\/2015\/06\/IMG_1266-1024x682.jpg 1024w, http:\/\/csapokert.gorogkatolikus.hu\/wp-content\/uploads\/2015\/06\/IMG_1266-634x422.jpg 634w, http:\/\/csapokert.gorogkatolikus.hu\/wp-content\/uploads\/2015\/06\/IMG_1266-924x616.jpg 924w\" sizes=\"(max-width: 300px) 100vw, 300px\" \/><\/a><\/p>\n<p>&nbsp;<\/p>\n<p>&nbsp;<\/p>\n<p><!--more--><\/p>\n<p>&nbsp;<\/p>\n<p>&nbsp;<\/p>\n","protected":false},"excerpt":{"rendered":"<p>Szent Jakab apostol \u00edrta a c\u00edmben szerepl\u0151 mondatot. \u00dagy gondolom, M\u00e1rtinak, D\u00f3rinak, Eszternek, Emes\u00e9nek, Juditnak, Andrisnak, G\u00e1bornak, \u00e9s Tominak 2015 p\u00fcnk\u00f6sdvas\u00e1rnapja val\u00f3ban a nagy tal\u00e1lkoz\u00e1sr\u00f3l sz\u00f3lt. K\u00f6zeledtek a szents\u00e9gi J\u00e9zushoz, \u00e9s tal\u00e1lkozhattak is vele. &nbsp; &nbsp;<\/p>\n","protected":false},"author":3,"featured_media":0,"comment_status":"closed","ping_status":"closed","sticky":false,"template":"","format":"standard","meta":{"ngg_post_thumbnail":0},"categories":[1],"tags":[],"_links":{"self":[{"href":"http:\/\/csapokert.gorogkatolikus.hu\/index.php?rest_route=\/wp\/v2\/posts\/730"}],"collection":[{"href":"http:\/\/csapokert.gorogkatolikus.hu\/index.php?rest_route=\/wp\/v2\/posts"}],"about":[{"href":"http:\/\/csapokert.gorogkatolikus.hu\/index.php?rest_route=\/wp\/v2\/types\/post"}],"author":[{"embeddable":true,"href":"http:\/\/csapokert.gorogkatolikus.hu\/index.php?rest_route=\/wp\/v2\/users\/3"}],"replies":[{"embeddable":true,"href":"http:\/\/csapokert.gorogkatolikus.hu\/index.php?rest_route=%2Fwp%2Fv2%2Fcomments&post=730"}],"version-history":[{"count":4,"href":"http:\/\/csapokert.gorogkatolikus.hu\/index.php?rest_route=\/wp\/v2\/posts\/730\/revisions"}],"predecessor-version":[{"id":751,"href":"http:\/\/csapokert.gorogkatolikus.hu\/index.php?rest_route=\/wp\/v2\/posts\/730\/revisions\/751"}],"wp:attachment":[{"href":"http:\/\/csapokert.gorogkatolikus.hu\/index.php?rest_route=%2Fwp%2Fv2%2Fmedia&parent=730"}],"wp:term":[{"taxonomy":"category","embeddable":true,"href":"http:\/\/csapokert.gorogkatolikus.hu\/index.php?rest_route=%2Fwp%2Fv2%2Fcategories&post=730"},{"taxonomy":"post_tag","embeddable":true,"href":"http:\/\/csapokert.gorogkatolikus.hu\/index.php?rest_route=%2Fwp%2Fv2%2Ftags&post=730"}],"curies":[{"name":"wp","href":"https:\/\/api.w.org\/{rel}","templated":true}]}}