{"id":752,"date":"2015-06-14T19:25:43","date_gmt":"2015-06-14T19:25:43","guid":{"rendered":"http:\/\/csapokert.gorogkatolikus.hu\/?p=752"},"modified":"2015-06-14T19:32:52","modified_gmt":"2015-06-14T19:32:52","slug":"romaba-zarandokoltunk","status":"publish","type":"post","link":"http:\/\/csapokert.gorogkatolikus.hu\/?p=752","title":{"rendered":"R\u00f3m\u00e1ba zar\u00e1ndokoltunk"},"content":{"rendered":"<p><a style=\"text-decoration: none;\" href=\"http:\/\/csapokert.gorogkatolikus.hu\/wp-content\/uploads\/2015\/06\/P1160063.jpg\"><img decoding=\"async\" loading=\"lazy\" class=\" wp-image-753 alignleft\" alt=\"P1160063\" src=\"http:\/\/csapokert.gorogkatolikus.hu\/wp-content\/uploads\/2015\/06\/P1160063-300x200.jpg\" width=\"270\" height=\"180\" data-id=\"753\" srcset=\"http:\/\/csapokert.gorogkatolikus.hu\/wp-content\/uploads\/2015\/06\/P1160063-300x200.jpg 300w, http:\/\/csapokert.gorogkatolikus.hu\/wp-content\/uploads\/2015\/06\/P1160063-1024x682.jpg 1024w, http:\/\/csapokert.gorogkatolikus.hu\/wp-content\/uploads\/2015\/06\/P1160063-634x422.jpg 634w, http:\/\/csapokert.gorogkatolikus.hu\/wp-content\/uploads\/2015\/06\/P1160063-924x616.jpg 924w\" sizes=\"(max-width: 270px) 100vw, 270px\" \/><\/a><\/p>\n<p><span style=\"color: #181b60;\">M\u00e1jus 8-\u00e1n a debrecen-csap\u00f3kerti egyh\u00e1zk\u00f6zs\u00e9g szervez\u00e9s\u00e9ben 55 zar\u00e1ndokt\u00e1rsunk r\u00e9szv\u00e9tel\u00e9vel R\u00f3m\u00e1ba indultunk, hogy az \u201e\u00f6r\u00f6k v\u00e1ros\u201d nevezetess\u00e9geinek\u00a0<\/span>megtekint\u00e9s\u00e9n t\u00fal els\u0151sorban Szent P\u00e9ter \u00e9s P\u00e1l apostolfejedelmek s\u00edrjain\u00e1l im\u00e1dkozzunk.<\/p>\n<p>&nbsp;<\/p>\n<p><!--more--><\/p>\n<p>\u00datban R\u00f3ma fel\u00e9 r\u00f6vid id\u0151re meg\u00e1lltunk Ravenn\u00e1ban, ahol megtekintett\u00fck a biz\u00e1nci korb\u00f3l sz\u00e1rmaz\u00f3 fens\u00e9ges mozaikokat, \u00e9s a vil\u00e1g egyik legszebb templomak\u00e9nt bemutatott San Vitale bazilik\u00e1t.<\/p>\n<p>Zar\u00e1ndoklatunk im\u00e1ds\u00e1gos f\u00e9nypontjak\u00e9nt vas\u00e1rnap a Szent P\u00e9ter bazilika altemplom\u00e1nak magyar k\u00e1poln\u00e1j\u00e1ban v\u00e9gezhett\u00fck a Szent Liturgi\u00e1t. Egyik zar\u00e1ndokt\u00e1rsunk tal\u00e1l\u00f3 megjegyz\u00e9se szerint csak ez\u00e9rt meg\u00e9rte volna 48 \u00f3r\u00e1t buszon z\u00f6tyk\u00f6l\u0151dni.<\/p>\n<p>Ezut\u00e1n hozz\u00e1l\u00e1ttunk az \u00f3kori R\u00f3ma eml\u00e9keinek megismer\u00e9s\u00e9hez. Aki az el\u0151zetesen t\u00f6bbsz\u00f6r al\u00e1h\u00fazott j\u00f3tan\u00e1cs ellen\u00e9re is ink\u00e1bb csinos, mint k\u00e9nyelmes cip\u0151ben k\u00e9pzelte el a r\u00f3mai v\u00e1rosn\u00e9z\u00e9st, az a nap v\u00e9g\u00e9re a szubjekt\u00edv f\u00e1rads\u00e1g sk\u00e1l\u00e1n a kellemes tartom\u00e1nyt sokszorosan k\u00e9pes volt meghaladni. De m\u00e9g a legkimer\u00fcltebb zar\u00e1ndok szerint is nagyobb volt szem\u00fcnk \u00e9s lelk\u00fcnk\u00a0 megterhel\u00e9se, amelyeket a rengeteg sz\u00e9ps\u00e9g befogad\u00e1sa \u00e9s feldolgoz\u00e1sa vett m\u00e9rhetetlen\u00fcl \u2013 ezen esetben viszont egy\u00e9rtelm\u0171en kellemes \u00e9rtelemben \u2013 ig\u00e9nybe.<\/p>\n<p>Neh\u00e9z lenne szavakba \u00f6nteni azt az \u00e1h\u00edtatot, amelyet a Szent P\u00e1l bazilika leny\u0171g\u00f6z\u0151 haj\u00f3inak m\u00e9retei keltettek a szeml\u00e9l\u0151ben, de bizonnyal voltak olyanok is, akik Urunk betlehemi j\u00e1szol\u00e1n\u00e1l im\u00e1dkoztak legmeghittebben a Santa Maria Maggiore bazilik\u00e1ban.<\/p>\n<p>A v\u00e1ros turisztikai nevezetess\u00e9geit (Spanyol l\u00e9pcs\u0151, Piazza Navona) sem hagytuk ki, s\u0151t a v\u00e1ros alatti vil\u00e1gba is bepillant\u00e1st nyert\u00fcnk a Szent Kallixtusz katakomba labirintusaiban. Itt v\u00e9rtan\u00fa p\u00e1p\u00e1k \u00e9s Szent Cec\u00edlia s\u00edrjai mellett im\u00e1dkoztunk, \u00e9s vett\u00fck megk\u00f6nnyebb\u00fcl\u00e9ssel tudom\u00e1sul, hogy eg\u00e9sz ott tart\u00f3zkod\u00e1sunk alatt nem volt komoly \u00fczemzavar R\u00f3ma villamos \u00e1ram ell\u00e1t\u00f3rendszereiben.<\/p>\n<p>M\u00e9g egy r\u00f6vid kir\u00e1ndul\u00e1sra is futotta id\u0151nkb\u0151l az Albani hegyek k\u00f6z\u00f6tt tal\u00e1lhat\u00f3 Tivoli v\u00e1rosk\u00e1ba, ahol megtekintett\u00fck a Villa d\u2019Este sz\u00f6k\u0151k\u00fatjait. Azok m\u00e1r Liszt Ferencet is annyira leny\u0171g\u00f6zt\u00e9k, hogy egy halhatatlan zongoradarabot szerzett r\u00f3luk. Egyik k\u00f6lt\u0151i v\u00e9n\u00e1val meg\u00e1ldott zar\u00e1ndokt\u00e1rsunk szerint, ha maga a mennyorsz\u00e1g csak annyira lesz sz\u00e9p, mint a kast\u00e9ly parkja, akkor sem lesz egy cseppet sem el\u00e9gedetlen.<\/p>\n<p>R\u00f3m\u00e1t\u00f3l b\u00facs\u00fazva m\u00e9g r\u00e9szt vett\u00fcnk t\u00f6bb t\u00edzezer zar\u00e1ndokkal k\u00f6z\u00f6sen Ferenc p\u00e1pa audienci\u00e1j\u00e1n.<\/p>\n<p>Hazafel\u00e9 v\u00e9gigballagtunk m\u00e9g Assisi sik\u00e1torain \u00e9s im\u00e1dkoztunk Szent Ferenc \u00e9s Szent Kl\u00e1ra s\u00edrjain\u00e1l is egy kicsit, s\u0151t m\u00e9g az \u00e9jszakai San Marin\u00f3t is volt szerencs\u00e9nk egy kanyarg\u00f3s kit\u00e9r\u0151 ut\u00e1n az eml\u00e9keink k\u00f6z\u00e9 beilleszteni.<\/p>\n<p>Felejthetetlen lelki \u00e9s eszt\u00e9tikai \u00e9lm\u00e9ny volt, aminek m\u00e9g hetek m\u00falva is a hat\u00e1sa alatt vagyunk. H\u00e1latelt sz\u00edvvel gondolunk mindazokra, akiknek k\u00f6sz\u00f6nhet\u0151 ez a csod\u00e1latos zar\u00e1ndok\u00fat.<\/p>\n<p><a href=\"http:\/\/csapokert.gorogkatolikus.hu\/wp-content\/uploads\/2015\/06\/1.jpg\"><img decoding=\"async\" loading=\"lazy\" class=\"alignnone size-full wp-image-754\" alt=\"1\" src=\"http:\/\/csapokert.gorogkatolikus.hu\/wp-content\/uploads\/2015\/06\/1.jpg\" width=\"450\" height=\"315\" data-id=\"754\" srcset=\"http:\/\/csapokert.gorogkatolikus.hu\/wp-content\/uploads\/2015\/06\/1.jpg 450w, http:\/\/csapokert.gorogkatolikus.hu\/wp-content\/uploads\/2015\/06\/1-300x210.jpg 300w\" sizes=\"(max-width: 450px) 100vw, 450px\" \/><\/a> <a href=\"http:\/\/csapokert.gorogkatolikus.hu\/wp-content\/uploads\/2015\/06\/20150510_115111.jpg\"><img decoding=\"async\" loading=\"lazy\" class=\"alignnone size-medium wp-image-755\" alt=\"SAMSUNG\" src=\"http:\/\/csapokert.gorogkatolikus.hu\/wp-content\/uploads\/2015\/06\/20150510_115111-300x225.jpg\" width=\"300\" height=\"225\" data-id=\"755\" srcset=\"http:\/\/csapokert.gorogkatolikus.hu\/wp-content\/uploads\/2015\/06\/20150510_115111-300x225.jpg 300w, http:\/\/csapokert.gorogkatolikus.hu\/wp-content\/uploads\/2015\/06\/20150510_115111-1024x768.jpg 1024w, http:\/\/csapokert.gorogkatolikus.hu\/wp-content\/uploads\/2015\/06\/20150510_115111-634x475.jpg 634w, http:\/\/csapokert.gorogkatolikus.hu\/wp-content\/uploads\/2015\/06\/20150510_115111-924x693.jpg 924w\" sizes=\"(max-width: 300px) 100vw, 300px\" \/><\/a> <a href=\"http:\/\/csapokert.gorogkatolikus.hu\/wp-content\/uploads\/2015\/06\/basilica_1.jpg\"><img decoding=\"async\" loading=\"lazy\" class=\"alignnone size-medium wp-image-756\" alt=\"basilica_1\" src=\"http:\/\/csapokert.gorogkatolikus.hu\/wp-content\/uploads\/2015\/06\/basilica_1-300x180.jpg\" width=\"300\" height=\"180\" data-id=\"756\" srcset=\"http:\/\/csapokert.gorogkatolikus.hu\/wp-content\/uploads\/2015\/06\/basilica_1-300x180.jpg 300w, http:\/\/csapokert.gorogkatolikus.hu\/wp-content\/uploads\/2015\/06\/basilica_1-634x381.jpg 634w, http:\/\/csapokert.gorogkatolikus.hu\/wp-content\/uploads\/2015\/06\/basilica_1.jpg 740w\" sizes=\"(max-width: 300px) 100vw, 300px\" \/><\/a> <a href=\"http:\/\/csapokert.gorogkatolikus.hu\/wp-content\/uploads\/2015\/06\/Basilica_di_San_Pietro_Rome_-_2681.jpg\"><img decoding=\"async\" loading=\"lazy\" class=\"alignnone size-medium wp-image-757\" alt=\"Basilica_di_San_Pietro,_Rome_-_2681\" src=\"http:\/\/csapokert.gorogkatolikus.hu\/wp-content\/uploads\/2015\/06\/Basilica_di_San_Pietro_Rome_-_2681-300x200.jpg\" width=\"300\" height=\"200\" data-id=\"757\" srcset=\"http:\/\/csapokert.gorogkatolikus.hu\/wp-content\/uploads\/2015\/06\/Basilica_di_San_Pietro_Rome_-_2681-300x200.jpg 300w, http:\/\/csapokert.gorogkatolikus.hu\/wp-content\/uploads\/2015\/06\/Basilica_di_San_Pietro_Rome_-_2681-1024x682.jpg 1024w, http:\/\/csapokert.gorogkatolikus.hu\/wp-content\/uploads\/2015\/06\/Basilica_di_San_Pietro_Rome_-_2681-634x422.jpg 634w, http:\/\/csapokert.gorogkatolikus.hu\/wp-content\/uploads\/2015\/06\/Basilica_di_San_Pietro_Rome_-_2681-924x616.jpg 924w\" sizes=\"(max-width: 300px) 100vw, 300px\" \/><\/a> <a href=\"http:\/\/csapokert.gorogkatolikus.hu\/wp-content\/uploads\/2015\/06\/DSC_0015.jpg\"><img decoding=\"async\" loading=\"lazy\" class=\"alignnone size-medium wp-image-758\" alt=\"DSC_0015\" src=\"http:\/\/csapokert.gorogkatolikus.hu\/wp-content\/uploads\/2015\/06\/DSC_0015-300x200.jpg\" width=\"300\" height=\"200\" data-id=\"758\" srcset=\"http:\/\/csapokert.gorogkatolikus.hu\/wp-content\/uploads\/2015\/06\/DSC_0015-300x200.jpg 300w, http:\/\/csapokert.gorogkatolikus.hu\/wp-content\/uploads\/2015\/06\/DSC_0015-1024x685.jpg 1024w, http:\/\/csapokert.gorogkatolikus.hu\/wp-content\/uploads\/2015\/06\/DSC_0015-634x424.jpg 634w, http:\/\/csapokert.gorogkatolikus.hu\/wp-content\/uploads\/2015\/06\/DSC_0015-924x618.jpg 924w\" sizes=\"(max-width: 300px) 100vw, 300px\" \/><\/a> <a href=\"http:\/\/csapokert.gorogkatolikus.hu\/wp-content\/uploads\/2015\/06\/DSC_0040.jpg\"><img decoding=\"async\" loading=\"lazy\" class=\"alignnone size-medium wp-image-759\" alt=\"DSC_0040\" src=\"http:\/\/csapokert.gorogkatolikus.hu\/wp-content\/uploads\/2015\/06\/DSC_0040-300x200.jpg\" width=\"300\" height=\"200\" data-id=\"759\" srcset=\"http:\/\/csapokert.gorogkatolikus.hu\/wp-content\/uploads\/2015\/06\/DSC_0040-300x200.jpg 300w, http:\/\/csapokert.gorogkatolikus.hu\/wp-content\/uploads\/2015\/06\/DSC_0040-1024x685.jpg 1024w, http:\/\/csapokert.gorogkatolikus.hu\/wp-content\/uploads\/2015\/06\/DSC_0040-634x424.jpg 634w, http:\/\/csapokert.gorogkatolikus.hu\/wp-content\/uploads\/2015\/06\/DSC_0040-924x618.jpg 924w\" sizes=\"(max-width: 300px) 100vw, 300px\" \/><\/a> <a href=\"http:\/\/csapokert.gorogkatolikus.hu\/wp-content\/uploads\/2015\/06\/DSC_0165.jpg\"><img decoding=\"async\" loading=\"lazy\" class=\"alignnone size-medium wp-image-760\" alt=\"DSC_0165\" src=\"http:\/\/csapokert.gorogkatolikus.hu\/wp-content\/uploads\/2015\/06\/DSC_0165-300x200.jpg\" width=\"300\" height=\"200\" data-id=\"760\" srcset=\"http:\/\/csapokert.gorogkatolikus.hu\/wp-content\/uploads\/2015\/06\/DSC_0165-300x200.jpg 300w, http:\/\/csapokert.gorogkatolikus.hu\/wp-content\/uploads\/2015\/06\/DSC_0165-1024x685.jpg 1024w, http:\/\/csapokert.gorogkatolikus.hu\/wp-content\/uploads\/2015\/06\/DSC_0165-634x424.jpg 634w, http:\/\/csapokert.gorogkatolikus.hu\/wp-content\/uploads\/2015\/06\/DSC_0165-924x618.jpg 924w\" sizes=\"(max-width: 300px) 100vw, 300px\" \/><\/a> <a href=\"http:\/\/csapokert.gorogkatolikus.hu\/wp-content\/uploads\/2015\/06\/DSC_0347.jpg\"><img decoding=\"async\" loading=\"lazy\" class=\"alignnone size-medium wp-image-761\" alt=\"DSC_0347\" src=\"http:\/\/csapokert.gorogkatolikus.hu\/wp-content\/uploads\/2015\/06\/DSC_0347-200x300.jpg\" width=\"200\" height=\"300\" data-id=\"761\" srcset=\"http:\/\/csapokert.gorogkatolikus.hu\/wp-content\/uploads\/2015\/06\/DSC_0347-200x300.jpg 200w, http:\/\/csapokert.gorogkatolikus.hu\/wp-content\/uploads\/2015\/06\/DSC_0347-685x1024.jpg 685w, http:\/\/csapokert.gorogkatolikus.hu\/wp-content\/uploads\/2015\/06\/DSC_0347-634x947.jpg 634w, http:\/\/csapokert.gorogkatolikus.hu\/wp-content\/uploads\/2015\/06\/DSC_0347-924x1380.jpg 924w\" sizes=\"(max-width: 200px) 100vw, 200px\" \/><\/a> <a href=\"http:\/\/csapokert.gorogkatolikus.hu\/wp-content\/uploads\/2015\/06\/DSC_0348.jpg\"><img decoding=\"async\" loading=\"lazy\" class=\"alignnone size-medium wp-image-762\" alt=\"DSC_0348\" src=\"http:\/\/csapokert.gorogkatolikus.hu\/wp-content\/uploads\/2015\/06\/DSC_0348-300x200.jpg\" width=\"300\" height=\"200\" data-id=\"762\" srcset=\"http:\/\/csapokert.gorogkatolikus.hu\/wp-content\/uploads\/2015\/06\/DSC_0348-300x200.jpg 300w, http:\/\/csapokert.gorogkatolikus.hu\/wp-content\/uploads\/2015\/06\/DSC_0348-1024x685.jpg 1024w, http:\/\/csapokert.gorogkatolikus.hu\/wp-content\/uploads\/2015\/06\/DSC_0348-634x424.jpg 634w, http:\/\/csapokert.gorogkatolikus.hu\/wp-content\/uploads\/2015\/06\/DSC_0348-924x618.jpg 924w\" sizes=\"(max-width: 300px) 100vw, 300px\" \/><\/a> <a href=\"http:\/\/csapokert.gorogkatolikus.hu\/wp-content\/uploads\/2015\/06\/DSCF0538.jpg\"><img decoding=\"async\" loading=\"lazy\" class=\"alignnone size-medium wp-image-763\" alt=\"DSCF0538\" src=\"http:\/\/csapokert.gorogkatolikus.hu\/wp-content\/uploads\/2015\/06\/DSCF0538-225x300.jpg\" width=\"225\" height=\"300\" data-id=\"763\" srcset=\"http:\/\/csapokert.gorogkatolikus.hu\/wp-content\/uploads\/2015\/06\/DSCF0538-225x300.jpg 225w, http:\/\/csapokert.gorogkatolikus.hu\/wp-content\/uploads\/2015\/06\/DSCF0538-768x1024.jpg 768w, http:\/\/csapokert.gorogkatolikus.hu\/wp-content\/uploads\/2015\/06\/DSCF0538-634x845.jpg 634w, http:\/\/csapokert.gorogkatolikus.hu\/wp-content\/uploads\/2015\/06\/DSCF0538-924x1232.jpg 924w, http:\/\/csapokert.gorogkatolikus.hu\/wp-content\/uploads\/2015\/06\/DSCF0538.jpg 1944w\" sizes=\"(max-width: 225px) 100vw, 225px\" \/><\/a> <a href=\"http:\/\/csapokert.gorogkatolikus.hu\/wp-content\/uploads\/2015\/06\/DSCF0546.jpg\"><img decoding=\"async\" loading=\"lazy\" class=\"alignnone size-medium wp-image-764\" alt=\"DSCF0546\" src=\"http:\/\/csapokert.gorogkatolikus.hu\/wp-content\/uploads\/2015\/06\/DSCF0546-300x225.jpg\" width=\"300\" height=\"225\" data-id=\"764\" srcset=\"http:\/\/csapokert.gorogkatolikus.hu\/wp-content\/uploads\/2015\/06\/DSCF0546-300x225.jpg 300w, http:\/\/csapokert.gorogkatolikus.hu\/wp-content\/uploads\/2015\/06\/DSCF0546-1024x768.jpg 1024w, http:\/\/csapokert.gorogkatolikus.hu\/wp-content\/uploads\/2015\/06\/DSCF0546-634x475.jpg 634w, http:\/\/csapokert.gorogkatolikus.hu\/wp-content\/uploads\/2015\/06\/DSCF0546-924x693.jpg 924w\" sizes=\"(max-width: 300px) 100vw, 300px\" \/><\/a> <a href=\"http:\/\/csapokert.gorogkatolikus.hu\/wp-content\/uploads\/2015\/06\/DSCF0552.jpg\"><img decoding=\"async\" loading=\"lazy\" class=\"alignnone size-medium wp-image-765\" alt=\"DSCF0552\" src=\"http:\/\/csapokert.gorogkatolikus.hu\/wp-content\/uploads\/2015\/06\/DSCF0552-300x225.jpg\" width=\"300\" height=\"225\" data-id=\"765\" srcset=\"http:\/\/csapokert.gorogkatolikus.hu\/wp-content\/uploads\/2015\/06\/DSCF0552-300x225.jpg 300w, http:\/\/csapokert.gorogkatolikus.hu\/wp-content\/uploads\/2015\/06\/DSCF0552-1024x768.jpg 1024w, http:\/\/csapokert.gorogkatolikus.hu\/wp-content\/uploads\/2015\/06\/DSCF0552-634x475.jpg 634w, http:\/\/csapokert.gorogkatolikus.hu\/wp-content\/uploads\/2015\/06\/DSCF0552-924x693.jpg 924w\" sizes=\"(max-width: 300px) 100vw, 300px\" \/><\/a> <a href=\"http:\/\/csapokert.gorogkatolikus.hu\/wp-content\/uploads\/2015\/06\/DSCF0608.jpg\"><img decoding=\"async\" loading=\"lazy\" class=\"alignnone size-medium wp-image-766\" alt=\"DSCF0608\" src=\"http:\/\/csapokert.gorogkatolikus.hu\/wp-content\/uploads\/2015\/06\/DSCF0608-300x225.jpg\" width=\"300\" height=\"225\" data-id=\"766\" srcset=\"http:\/\/csapokert.gorogkatolikus.hu\/wp-content\/uploads\/2015\/06\/DSCF0608-300x225.jpg 300w, http:\/\/csapokert.gorogkatolikus.hu\/wp-content\/uploads\/2015\/06\/DSCF0608-1024x768.jpg 1024w, http:\/\/csapokert.gorogkatolikus.hu\/wp-content\/uploads\/2015\/06\/DSCF0608-634x475.jpg 634w, http:\/\/csapokert.gorogkatolikus.hu\/wp-content\/uploads\/2015\/06\/DSCF0608-924x693.jpg 924w\" sizes=\"(max-width: 300px) 100vw, 300px\" \/><\/a> <a href=\"http:\/\/csapokert.gorogkatolikus.hu\/wp-content\/uploads\/2015\/06\/DSCF0677.jpg\"><img decoding=\"async\" loading=\"lazy\" class=\"alignnone size-medium wp-image-767\" alt=\"DSCF0677\" src=\"http:\/\/csapokert.gorogkatolikus.hu\/wp-content\/uploads\/2015\/06\/DSCF0677-225x300.jpg\" width=\"225\" height=\"300\" data-id=\"767\" srcset=\"http:\/\/csapokert.gorogkatolikus.hu\/wp-content\/uploads\/2015\/06\/DSCF0677-225x300.jpg 225w, http:\/\/csapokert.gorogkatolikus.hu\/wp-content\/uploads\/2015\/06\/DSCF0677-768x1024.jpg 768w, http:\/\/csapokert.gorogkatolikus.hu\/wp-content\/uploads\/2015\/06\/DSCF0677-634x845.jpg 634w, http:\/\/csapokert.gorogkatolikus.hu\/wp-content\/uploads\/2015\/06\/DSCF0677-924x1232.jpg 924w, http:\/\/csapokert.gorogkatolikus.hu\/wp-content\/uploads\/2015\/06\/DSCF0677.jpg 1944w\" sizes=\"(max-width: 225px) 100vw, 225px\" \/><\/a> <a href=\"http:\/\/csapokert.gorogkatolikus.hu\/wp-content\/uploads\/2015\/06\/FCO-Rome-Via-Appia-Antica-Catacombs-of-San-Callisto-03-3008x2000.jpg\"><img decoding=\"async\" loading=\"lazy\" class=\"alignnone size-medium wp-image-768\" alt=\"FCO Rome - Via Appia Antica Catacombs of San Callisto 03 3008x2000\" src=\"http:\/\/csapokert.gorogkatolikus.hu\/wp-content\/uploads\/2015\/06\/FCO-Rome-Via-Appia-Antica-Catacombs-of-San-Callisto-03-3008x2000-199x300.jpg\" width=\"199\" height=\"300\" data-id=\"768\" srcset=\"http:\/\/csapokert.gorogkatolikus.hu\/wp-content\/uploads\/2015\/06\/FCO-Rome-Via-Appia-Antica-Catacombs-of-San-Callisto-03-3008x2000-199x300.jpg 199w, http:\/\/csapokert.gorogkatolikus.hu\/wp-content\/uploads\/2015\/06\/FCO-Rome-Via-Appia-Antica-Catacombs-of-San-Callisto-03-3008x2000.jpg 426w\" sizes=\"(max-width: 199px) 100vw, 199px\" \/><\/a> <a href=\"http:\/\/csapokert.gorogkatolikus.hu\/wp-content\/uploads\/2015\/06\/Lower_Church_San_Francesco_Assisi.jpg\"><img decoding=\"async\" loading=\"lazy\" class=\"alignnone size-medium wp-image-769\" alt=\"Lower_Church_San_Francesco_Assisi\" src=\"http:\/\/csapokert.gorogkatolikus.hu\/wp-content\/uploads\/2015\/06\/Lower_Church_San_Francesco_Assisi-300x255.jpg\" width=\"300\" height=\"255\" data-id=\"769\" srcset=\"http:\/\/csapokert.gorogkatolikus.hu\/wp-content\/uploads\/2015\/06\/Lower_Church_San_Francesco_Assisi-300x255.jpg 300w, http:\/\/csapokert.gorogkatolikus.hu\/wp-content\/uploads\/2015\/06\/Lower_Church_San_Francesco_Assisi.jpg 556w\" sizes=\"(max-width: 300px) 100vw, 300px\" \/><\/a> <a href=\"http:\/\/csapokert.gorogkatolikus.hu\/wp-content\/uploads\/2015\/06\/P1160043.jpg\"><img decoding=\"async\" loading=\"lazy\" class=\"alignnone size-medium wp-image-770\" alt=\"P1160043\" src=\"http:\/\/csapokert.gorogkatolikus.hu\/wp-content\/uploads\/2015\/06\/P1160043-300x200.jpg\" width=\"300\" height=\"200\" data-id=\"770\" srcset=\"http:\/\/csapokert.gorogkatolikus.hu\/wp-content\/uploads\/2015\/06\/P1160043-300x200.jpg 300w, http:\/\/csapokert.gorogkatolikus.hu\/wp-content\/uploads\/2015\/06\/P1160043-1024x682.jpg 1024w, http:\/\/csapokert.gorogkatolikus.hu\/wp-content\/uploads\/2015\/06\/P1160043-634x422.jpg 634w, http:\/\/csapokert.gorogkatolikus.hu\/wp-content\/uploads\/2015\/06\/P1160043-924x616.jpg 924w\" sizes=\"(max-width: 300px) 100vw, 300px\" \/><\/a> <a href=\"http:\/\/csapokert.gorogkatolikus.hu\/wp-content\/uploads\/2015\/06\/P1160137.jpg\"><img decoding=\"async\" loading=\"lazy\" class=\"alignnone size-medium wp-image-771\" alt=\"P1160137\" src=\"http:\/\/csapokert.gorogkatolikus.hu\/wp-content\/uploads\/2015\/06\/P1160137-300x200.jpg\" width=\"300\" height=\"200\" data-id=\"771\" srcset=\"http:\/\/csapokert.gorogkatolikus.hu\/wp-content\/uploads\/2015\/06\/P1160137-300x200.jpg 300w, http:\/\/csapokert.gorogkatolikus.hu\/wp-content\/uploads\/2015\/06\/P1160137-1024x682.jpg 1024w, http:\/\/csapokert.gorogkatolikus.hu\/wp-content\/uploads\/2015\/06\/P1160137-634x422.jpg 634w, http:\/\/csapokert.gorogkatolikus.hu\/wp-content\/uploads\/2015\/06\/P1160137-924x616.jpg 924w\" sizes=\"(max-width: 300px) 100vw, 300px\" \/><\/a> <a href=\"http:\/\/csapokert.gorogkatolikus.hu\/wp-content\/uploads\/2015\/06\/P1160140.jpg\"><img decoding=\"async\" loading=\"lazy\" class=\"alignnone size-medium wp-image-772\" alt=\"P1160140\" src=\"http:\/\/csapokert.gorogkatolikus.hu\/wp-content\/uploads\/2015\/06\/P1160140-300x200.jpg\" width=\"300\" height=\"200\" data-id=\"772\" srcset=\"http:\/\/csapokert.gorogkatolikus.hu\/wp-content\/uploads\/2015\/06\/P1160140-300x200.jpg 300w, http:\/\/csapokert.gorogkatolikus.hu\/wp-content\/uploads\/2015\/06\/P1160140-1024x682.jpg 1024w, http:\/\/csapokert.gorogkatolikus.hu\/wp-content\/uploads\/2015\/06\/P1160140-634x422.jpg 634w, http:\/\/csapokert.gorogkatolikus.hu\/wp-content\/uploads\/2015\/06\/P1160140-924x616.jpg 924w\" sizes=\"(max-width: 300px) 100vw, 300px\" \/><\/a> <a href=\"http:\/\/csapokert.gorogkatolikus.hu\/wp-content\/uploads\/2015\/06\/R\u00f3ma-163.jpg\"><img decoding=\"async\" loading=\"lazy\" class=\"alignnone size-medium wp-image-773\" alt=\"R\u00f3ma 163\" src=\"http:\/\/csapokert.gorogkatolikus.hu\/wp-content\/uploads\/2015\/06\/R\u00f3ma-163-300x225.jpg\" width=\"300\" height=\"225\" data-id=\"773\" srcset=\"http:\/\/csapokert.gorogkatolikus.hu\/wp-content\/uploads\/2015\/06\/R\u00f3ma-163-300x225.jpg 300w, http:\/\/csapokert.gorogkatolikus.hu\/wp-content\/uploads\/2015\/06\/R\u00f3ma-163-634x475.jpg 634w, http:\/\/csapokert.gorogkatolikus.hu\/wp-content\/uploads\/2015\/06\/R\u00f3ma-163.jpg 640w\" sizes=\"(max-width: 300px) 100vw, 300px\" \/><\/a> <a href=\"http:\/\/csapokert.gorogkatolikus.hu\/wp-content\/uploads\/2015\/06\/R\u00f3ma-177.jpg\"><img decoding=\"async\" loading=\"lazy\" class=\"alignnone size-medium wp-image-774\" alt=\"R\u00f3ma 177\" src=\"http:\/\/csapokert.gorogkatolikus.hu\/wp-content\/uploads\/2015\/06\/R\u00f3ma-177-300x225.jpg\" width=\"300\" height=\"225\" data-id=\"774\" srcset=\"http:\/\/csapokert.gorogkatolikus.hu\/wp-content\/uploads\/2015\/06\/R\u00f3ma-177-300x225.jpg 300w, http:\/\/csapokert.gorogkatolikus.hu\/wp-content\/uploads\/2015\/06\/R\u00f3ma-177-634x475.jpg 634w, http:\/\/csapokert.gorogkatolikus.hu\/wp-content\/uploads\/2015\/06\/R\u00f3ma-177.jpg 640w\" sizes=\"(max-width: 300px) 100vw, 300px\" \/><\/a> <a href=\"http:\/\/csapokert.gorogkatolikus.hu\/wp-content\/uploads\/2015\/06\/R\u00f3ma-186.jpg\"><img decoding=\"async\" loading=\"lazy\" class=\"alignnone size-medium wp-image-775\" alt=\"R\u00f3ma 186\" src=\"http:\/\/csapokert.gorogkatolikus.hu\/wp-content\/uploads\/2015\/06\/R\u00f3ma-186-300x225.jpg\" width=\"300\" height=\"225\" data-id=\"775\" srcset=\"http:\/\/csapokert.gorogkatolikus.hu\/wp-content\/uploads\/2015\/06\/R\u00f3ma-186-300x225.jpg 300w, http:\/\/csapokert.gorogkatolikus.hu\/wp-content\/uploads\/2015\/06\/R\u00f3ma-186-634x475.jpg 634w, http:\/\/csapokert.gorogkatolikus.hu\/wp-content\/uploads\/2015\/06\/R\u00f3ma-186.jpg 640w\" sizes=\"(max-width: 300px) 100vw, 300px\" \/><\/a> <a href=\"http:\/\/csapokert.gorogkatolikus.hu\/wp-content\/uploads\/2015\/06\/R\u00f3ma-498.jpg\"><img decoding=\"async\" loading=\"lazy\" class=\"alignnone size-medium wp-image-776\" alt=\"R\u00f3ma 498\" src=\"http:\/\/csapokert.gorogkatolikus.hu\/wp-content\/uploads\/2015\/06\/R\u00f3ma-498-300x225.jpg\" width=\"300\" height=\"225\" data-id=\"776\" srcset=\"http:\/\/csapokert.gorogkatolikus.hu\/wp-content\/uploads\/2015\/06\/R\u00f3ma-498-300x225.jpg 300w, http:\/\/csapokert.gorogkatolikus.hu\/wp-content\/uploads\/2015\/06\/R\u00f3ma-498-634x475.jpg 634w, http:\/\/csapokert.gorogkatolikus.hu\/wp-content\/uploads\/2015\/06\/R\u00f3ma-498.jpg 640w\" sizes=\"(max-width: 300px) 100vw, 300px\" \/><\/a> <a href=\"http:\/\/csapokert.gorogkatolikus.hu\/wp-content\/uploads\/2015\/06\/R\u00f3ma-518.jpg\"><img decoding=\"async\" loading=\"lazy\" class=\"alignnone size-medium wp-image-777\" alt=\"R\u00f3ma 518\" src=\"http:\/\/csapokert.gorogkatolikus.hu\/wp-content\/uploads\/2015\/06\/R\u00f3ma-518-300x225.jpg\" width=\"300\" height=\"225\" data-id=\"777\" srcset=\"http:\/\/csapokert.gorogkatolikus.hu\/wp-content\/uploads\/2015\/06\/R\u00f3ma-518-300x225.jpg 300w, http:\/\/csapokert.gorogkatolikus.hu\/wp-content\/uploads\/2015\/06\/R\u00f3ma-518-634x475.jpg 634w, http:\/\/csapokert.gorogkatolikus.hu\/wp-content\/uploads\/2015\/06\/R\u00f3ma-518.jpg 640w\" sizes=\"(max-width: 300px) 100vw, 300px\" \/><\/a> <a href=\"http:\/\/csapokert.gorogkatolikus.hu\/wp-content\/uploads\/2015\/06\/SAM_0328.jpg\"><img decoding=\"async\" loading=\"lazy\" class=\"alignnone size-medium wp-image-778\" alt=\"SAM_0328\" src=\"http:\/\/csapokert.gorogkatolikus.hu\/wp-content\/uploads\/2015\/06\/SAM_0328-300x225.jpg\" width=\"300\" height=\"225\" data-id=\"778\" srcset=\"http:\/\/csapokert.gorogkatolikus.hu\/wp-content\/uploads\/2015\/06\/SAM_0328-300x225.jpg 300w, http:\/\/csapokert.gorogkatolikus.hu\/wp-content\/uploads\/2015\/06\/SAM_0328-1024x768.jpg 1024w, http:\/\/csapokert.gorogkatolikus.hu\/wp-content\/uploads\/2015\/06\/SAM_0328-634x475.jpg 634w, http:\/\/csapokert.gorogkatolikus.hu\/wp-content\/uploads\/2015\/06\/SAM_0328-924x693.jpg 924w\" sizes=\"(max-width: 300px) 100vw, 300px\" \/><\/a> <a href=\"http:\/\/csapokert.gorogkatolikus.hu\/wp-content\/uploads\/2015\/06\/sp04.jpg\"><img decoding=\"async\" loading=\"lazy\" class=\"alignnone size-medium wp-image-779\" alt=\"OLYMPUS DIGITAL CAMERA\" src=\"http:\/\/csapokert.gorogkatolikus.hu\/wp-content\/uploads\/2015\/06\/sp04-300x225.jpg\" width=\"300\" height=\"225\" data-id=\"779\" srcset=\"http:\/\/csapokert.gorogkatolikus.hu\/wp-content\/uploads\/2015\/06\/sp04-300x225.jpg 300w, http:\/\/csapokert.gorogkatolikus.hu\/wp-content\/uploads\/2015\/06\/sp04-1024x768.jpg 1024w, http:\/\/csapokert.gorogkatolikus.hu\/wp-content\/uploads\/2015\/06\/sp04-634x475.jpg 634w, http:\/\/csapokert.gorogkatolikus.hu\/wp-content\/uploads\/2015\/06\/sp04-924x693.jpg 924w\" sizes=\"(max-width: 300px) 100vw, 300px\" \/><\/a> <a href=\"http:\/\/csapokert.gorogkatolikus.hu\/wp-content\/uploads\/2015\/06\/spanish-stteeps.jpg\"><img decoding=\"async\" loading=\"lazy\" class=\"alignnone size-medium wp-image-780\" alt=\"spanish-stteeps\" src=\"http:\/\/csapokert.gorogkatolikus.hu\/wp-content\/uploads\/2015\/06\/spanish-stteeps-300x225.jpg\" width=\"300\" height=\"225\" data-id=\"780\" srcset=\"http:\/\/csapokert.gorogkatolikus.hu\/wp-content\/uploads\/2015\/06\/spanish-stteeps-300x225.jpg 300w, http:\/\/csapokert.gorogkatolikus.hu\/wp-content\/uploads\/2015\/06\/spanish-stteeps-634x475.jpg 634w, http:\/\/csapokert.gorogkatolikus.hu\/wp-content\/uploads\/2015\/06\/spanish-stteeps.jpg 640w\" sizes=\"(max-width: 300px) 100vw, 300px\" \/><\/a><\/p>\n","protected":false},"excerpt":{"rendered":"<p>M\u00e1jus 8-\u00e1n a debrecen-csap\u00f3kerti egyh\u00e1zk\u00f6zs\u00e9g szervez\u00e9s\u00e9ben 55 zar\u00e1ndokt\u00e1rsunk r\u00e9szv\u00e9tel\u00e9vel R\u00f3m\u00e1ba indultunk, hogy az \u201e\u00f6r\u00f6k v\u00e1ros\u201d nevezetess\u00e9geinek\u00a0megtekint\u00e9s\u00e9n t\u00fal els\u0151sorban Szent P\u00e9ter \u00e9s P\u00e1l apostolfejedelmek s\u00edrjain\u00e1l im\u00e1dkozzunk. &nbsp;<\/p>\n","protected":false},"author":3,"featured_media":0,"comment_status":"closed","ping_status":"closed","sticky":false,"template":"","format":"standard","meta":{"ngg_post_thumbnail":0},"categories":[1],"tags":[],"_links":{"self":[{"href":"http:\/\/csapokert.gorogkatolikus.hu\/index.php?rest_route=\/wp\/v2\/posts\/752"}],"collection":[{"href":"http:\/\/csapokert.gorogkatolikus.hu\/index.php?rest_route=\/wp\/v2\/posts"}],"about":[{"href":"http:\/\/csapokert.gorogkatolikus.hu\/index.php?rest_route=\/wp\/v2\/types\/post"}],"author":[{"embeddable":true,"href":"http:\/\/csapokert.gorogkatolikus.hu\/index.php?rest_route=\/wp\/v2\/users\/3"}],"replies":[{"embeddable":true,"href":"http:\/\/csapokert.gorogkatolikus.hu\/index.php?rest_route=%2Fwp%2Fv2%2Fcomments&post=752"}],"version-history":[{"count":2,"href":"http:\/\/csapokert.gorogkatolikus.hu\/index.php?rest_route=\/wp\/v2\/posts\/752\/revisions"}],"predecessor-version":[{"id":783,"href":"http:\/\/csapokert.gorogkatolikus.hu\/index.php?rest_route=\/wp\/v2\/posts\/752\/revisions\/783"}],"wp:attachment":[{"href":"http:\/\/csapokert.gorogkatolikus.hu\/index.php?rest_route=%2Fwp%2Fv2%2Fmedia&parent=752"}],"wp:term":[{"taxonomy":"category","embeddable":true,"href":"http:\/\/csapokert.gorogkatolikus.hu\/index.php?rest_route=%2Fwp%2Fv2%2Fcategories&post=752"},{"taxonomy":"post_tag","embeddable":true,"href":"http:\/\/csapokert.gorogkatolikus.hu\/index.php?rest_route=%2Fwp%2Fv2%2Ftags&post=752"}],"curies":[{"name":"wp","href":"https:\/\/api.w.org\/{rel}","templated":true}]}}