{"id":987,"date":"2015-08-26T19:52:15","date_gmt":"2015-08-26T19:52:15","guid":{"rendered":"http:\/\/csapokert.gorogkatolikus.hu\/?p=987"},"modified":"2015-08-26T19:52:15","modified_gmt":"2015-08-26T19:52:15","slug":"vendegsegben-a-szirmabesenyoi-templombucsun","status":"publish","type":"post","link":"http:\/\/csapokert.gorogkatolikus.hu\/?p=987","title":{"rendered":"Vend\u00e9gs\u00e9gben a szirmabeseny\u0151i templomb\u00facs\u00fan"},"content":{"rendered":"<p><a href=\"http:\/\/csapokert.gorogkatolikus.hu\/wp-content\/uploads\/2015\/08\/Szirmabeseny-b\u00facs\u00fa-001.jpg\"><img decoding=\"async\" loading=\"lazy\" class=\"alignleft  wp-image-988\" alt=\"Szirmabeseny  b\u00facs\u00fa 001\" src=\"http:\/\/csapokert.gorogkatolikus.hu\/wp-content\/uploads\/2015\/08\/Szirmabeseny-b\u00facs\u00fa-001.jpg\" width=\"206\" height=\"154\" data-id=\"988\" srcset=\"http:\/\/csapokert.gorogkatolikus.hu\/wp-content\/uploads\/2015\/08\/Szirmabeseny-b\u00facs\u00fa-001.jpg 4288w, http:\/\/csapokert.gorogkatolikus.hu\/wp-content\/uploads\/2015\/08\/Szirmabeseny-b\u00facs\u00fa-001-300x224.jpg 300w, http:\/\/csapokert.gorogkatolikus.hu\/wp-content\/uploads\/2015\/08\/Szirmabeseny-b\u00facs\u00fa-001-1024x768.jpg 1024w, http:\/\/csapokert.gorogkatolikus.hu\/wp-content\/uploads\/2015\/08\/Szirmabeseny-b\u00facs\u00fa-001-634x475.jpg 634w, http:\/\/csapokert.gorogkatolikus.hu\/wp-content\/uploads\/2015\/08\/Szirmabeseny-b\u00facs\u00fa-001-924x693.jpg 924w\" sizes=\"(max-width: 206px) 100vw, 206px\" \/><\/a><\/p>\n<p>Azok ut\u00e1n, hogy a szirmabeseny\u0151i g\u00f6r\u00f6gkatolikus h\u00edvek ny\u00e1r elej\u00e9n egy kir\u00e1ndul\u00f3busszal vettek r\u00e9szt a H\u00e1rmashegyalj\u00e1n tartott rendezv\u00e9ny\u00fcnk\u00f6n \u00e9s azt k\u00f6vet\u0151en templomunk b\u00facs\u00fa\u00fcnnep\u00e9n \u2013 az akkor k\u00f6t\u00f6tt bar\u00e1ts\u00e1gok elm\u00e9ly\u00edt\u00e9se v\u00e9gett, mi is visszaadtuk a k\u00f6lcs\u00f6nt \u2013 s egy h\u00fasz f\u0151nyi k\u00fcl\u00f6n\u00edtm\u00e9nnyel \u00fcnnepelt\u00fck a szirmabeseny\u0151i h\u00edvekkel (a mi\u00e9nkkel azonos kor\u00fa) templomuk b\u00facs\u00faj\u00e1t.<\/p>\n<p><!--more--><\/p>\n<p>A szent liturgi\u00e1t Ft. \u0150sz Tibor atya, a Szent Luk\u00e1cs Szeretetszolg\u00e1lat lelki igazgat\u00f3ja celebr\u00e1lta. \u00dcnnepi sz\u00f3nok Ft. J\u00e1rmi Zolt\u00e1n atya, saj\u00f3szentp\u00e9teri parochus volt. Az olt\u00e1rn\u00e1l ott \u00e1llt m\u00e9g Dr Szarka J\u00e1nos helyi parochus atya mellett saj\u00e1t parochusunk, Dr Szarka Gergely atya is. Ahogy arra a k\u00f6sz\u00f6nt\u00e9sekben utal\u00e1st is hallottunk, most mi is meg\u00e9rezt\u00fck azt, hogy milyen sz\u00e9p dolog is a testv\u00e9rek \u00f6r\u00f6m\u00e9ben r\u00e9szesedni, s szavakkal mennyire le\u00edrhatatlan azon kegyelmek sokas\u00e1ga, amelyet a h\u00edv\u0151 l\u00e9lek egy b\u00facs\u00fa \u00fcnnepen szerezhet.<\/p>\n<p>Az egy\u00fcttim\u00e1dkoz\u00e1s ut\u00e1n a feh\u00e9r asztalhoz is hivatalosak voltunk, ahol hasonl\u00f3 j\u00f3 hangulatban \u00e9s r\u00e1\u00e9r\u0151sen m\u00falathattuk az id\u0151t, mint ahogy a testv\u00e9regyh\u00e1zk\u00f6zs\u00e9g h\u00edvei tett\u00e9k ny\u00e1r elej\u00e9n min\u00e1lunk.<\/p>\n<p>M\u00e1szlai Istv\u00e1n<\/p>\n\n\t\t<style type=\"text\/css\">\n\t\t\t#gallery-1 {\n\t\t\t\tmargin: auto;\n\t\t\t}\n\t\t\t#gallery-1 .gallery-item {\n\t\t\t\tfloat: left;\n\t\t\t\tmargin-top: 10px;\n\t\t\t\ttext-align: center;\n\t\t\t\twidth: 33%;\n\t\t\t}\n\t\t\t#gallery-1 img {\n\t\t\t\tborder: 2px solid #cfcfcf;\n\t\t\t}\n\t\t\t#gallery-1 .gallery-caption {\n\t\t\t\tmargin-left: 0;\n\t\t\t}\n\t\t\t\/* see gallery_shortcode() in wp-includes\/media.php *\/\n\t\t<\/style>\n\t\t<div id='gallery-1' class='gallery galleryid-987 gallery-columns-3 gallery-size-thumbnail'><dl class='gallery-item'>\n\t\t\t<dt class='gallery-icon landscape'>\n\t\t\t\t<a href='http:\/\/csapokert.gorogkatolikus.hu\/?attachment_id=988'><img width=\"150\" height=\"150\" src=\"http:\/\/csapokert.gorogkatolikus.hu\/wp-content\/uploads\/2015\/08\/Szirmabeseny-b\u00facs\u00fa-001-150x150.jpg\" class=\"attachment-thumbnail size-thumbnail\" alt=\"\" decoding=\"async\" loading=\"lazy\" \/><\/a>\n\t\t\t<\/dt><\/dl><dl class='gallery-item'>\n\t\t\t<dt class='gallery-icon landscape'>\n\t\t\t\t<a href='http:\/\/csapokert.gorogkatolikus.hu\/?attachment_id=989'><img width=\"150\" height=\"150\" src=\"http:\/\/csapokert.gorogkatolikus.hu\/wp-content\/uploads\/2015\/08\/Szirmabeseny-b\u00facs\u00fa-003-150x150.jpg\" class=\"attachment-thumbnail size-thumbnail\" alt=\"\" decoding=\"async\" loading=\"lazy\" \/><\/a>\n\t\t\t<\/dt><\/dl><dl class='gallery-item'>\n\t\t\t<dt class='gallery-icon landscape'>\n\t\t\t\t<a href='http:\/\/csapokert.gorogkatolikus.hu\/?attachment_id=990'><img width=\"150\" height=\"150\" src=\"http:\/\/csapokert.gorogkatolikus.hu\/wp-content\/uploads\/2015\/08\/Szirmabeseny-b\u00facs\u00fa-004-150x150.jpg\" class=\"attachment-thumbnail size-thumbnail\" alt=\"\" decoding=\"async\" loading=\"lazy\" \/><\/a>\n\t\t\t<\/dt><\/dl><br style=\"clear: both\" \/><dl class='gallery-item'>\n\t\t\t<dt class='gallery-icon landscape'>\n\t\t\t\t<a href='http:\/\/csapokert.gorogkatolikus.hu\/?attachment_id=991'><img width=\"150\" height=\"150\" src=\"http:\/\/csapokert.gorogkatolikus.hu\/wp-content\/uploads\/2015\/08\/Szirmabeseny-b\u00facs\u00fa-005-150x150.jpg\" class=\"attachment-thumbnail size-thumbnail\" alt=\"\" decoding=\"async\" loading=\"lazy\" \/><\/a>\n\t\t\t<\/dt><\/dl><dl class='gallery-item'>\n\t\t\t<dt class='gallery-icon landscape'>\n\t\t\t\t<a href='http:\/\/csapokert.gorogkatolikus.hu\/?attachment_id=992'><img width=\"150\" height=\"150\" src=\"http:\/\/csapokert.gorogkatolikus.hu\/wp-content\/uploads\/2015\/08\/Szirmabeseny-b\u00facs\u00fa-012-150x150.jpg\" class=\"attachment-thumbnail size-thumbnail\" alt=\"\" decoding=\"async\" loading=\"lazy\" \/><\/a>\n\t\t\t<\/dt><\/dl><dl class='gallery-item'>\n\t\t\t<dt class='gallery-icon landscape'>\n\t\t\t\t<a href='http:\/\/csapokert.gorogkatolikus.hu\/?attachment_id=993'><img width=\"150\" height=\"150\" src=\"http:\/\/csapokert.gorogkatolikus.hu\/wp-content\/uploads\/2015\/08\/Szirmabeseny-b\u00facs\u00fa-015-150x150.jpg\" class=\"attachment-thumbnail size-thumbnail\" alt=\"\" decoding=\"async\" loading=\"lazy\" \/><\/a>\n\t\t\t<\/dt><\/dl><br style=\"clear: both\" \/><dl class='gallery-item'>\n\t\t\t<dt class='gallery-icon landscape'>\n\t\t\t\t<a href='http:\/\/csapokert.gorogkatolikus.hu\/?attachment_id=994'><img width=\"150\" height=\"150\" src=\"http:\/\/csapokert.gorogkatolikus.hu\/wp-content\/uploads\/2015\/08\/Szirmabeseny-b\u00facs\u00fa-022-150x150.jpg\" class=\"attachment-thumbnail size-thumbnail\" alt=\"\" decoding=\"async\" loading=\"lazy\" \/><\/a>\n\t\t\t<\/dt><\/dl><dl class='gallery-item'>\n\t\t\t<dt class='gallery-icon landscape'>\n\t\t\t\t<a href='http:\/\/csapokert.gorogkatolikus.hu\/?attachment_id=995'><img width=\"150\" height=\"150\" src=\"http:\/\/csapokert.gorogkatolikus.hu\/wp-content\/uploads\/2015\/08\/Szirmabeseny-b\u00facs\u00fa-029-150x150.jpg\" class=\"attachment-thumbnail size-thumbnail\" alt=\"\" decoding=\"async\" loading=\"lazy\" \/><\/a>\n\t\t\t<\/dt><\/dl><dl class='gallery-item'>\n\t\t\t<dt class='gallery-icon landscape'>\n\t\t\t\t<a href='http:\/\/csapokert.gorogkatolikus.hu\/?attachment_id=996'><img width=\"150\" height=\"150\" src=\"http:\/\/csapokert.gorogkatolikus.hu\/wp-content\/uploads\/2015\/08\/Szirmabeseny-b\u00facs\u00fa-036-150x150.jpg\" class=\"attachment-thumbnail size-thumbnail\" alt=\"\" decoding=\"async\" loading=\"lazy\" \/><\/a>\n\t\t\t<\/dt><\/dl><br style=\"clear: both\" \/><dl class='gallery-item'>\n\t\t\t<dt class='gallery-icon landscape'>\n\t\t\t\t<a href='http:\/\/csapokert.gorogkatolikus.hu\/?attachment_id=997'><img width=\"150\" height=\"150\" src=\"http:\/\/csapokert.gorogkatolikus.hu\/wp-content\/uploads\/2015\/08\/Szirmabeseny-b\u00facs\u00fa-041-150x150.jpg\" class=\"attachment-thumbnail size-thumbnail\" alt=\"\" decoding=\"async\" loading=\"lazy\" \/><\/a>\n\t\t\t<\/dt><\/dl><dl class='gallery-item'>\n\t\t\t<dt class='gallery-icon landscape'>\n\t\t\t\t<a href='http:\/\/csapokert.gorogkatolikus.hu\/?attachment_id=998'><img width=\"150\" height=\"150\" src=\"http:\/\/csapokert.gorogkatolikus.hu\/wp-content\/uploads\/2015\/08\/Szirmabeseny-b\u00facs\u00fa-043-150x150.jpg\" class=\"attachment-thumbnail size-thumbnail\" alt=\"\" decoding=\"async\" loading=\"lazy\" \/><\/a>\n\t\t\t<\/dt><\/dl>\n\t\t\t<br style='clear: both' \/>\n\t\t<\/div>\n\n","protected":false},"excerpt":{"rendered":"<p>Azok ut\u00e1n, hogy a szirmabeseny\u0151i g\u00f6r\u00f6gkatolikus h\u00edvek ny\u00e1r elej\u00e9n egy kir\u00e1ndul\u00f3busszal vettek r\u00e9szt a H\u00e1rmashegyalj\u00e1n tartott rendezv\u00e9ny\u00fcnk\u00f6n \u00e9s azt k\u00f6vet\u0151en templomunk b\u00facs\u00fa\u00fcnnep\u00e9n \u2013 az akkor k\u00f6t\u00f6tt bar\u00e1ts\u00e1gok elm\u00e9ly\u00edt\u00e9se v\u00e9gett, mi is visszaadtuk a k\u00f6lcs\u00f6nt \u2013 s egy h\u00fasz f\u0151nyi k\u00fcl\u00f6n\u00edtm\u00e9nnyel \u00fcnnepelt\u00fck a szirmabeseny\u0151i h\u00edvekkel (a mi\u00e9nkkel azonos kor\u00fa) templomuk b\u00facs\u00faj\u00e1t.<\/p>\n","protected":false},"author":3,"featured_media":0,"comment_status":"closed","ping_status":"closed","sticky":false,"template":"","format":"standard","meta":{"ngg_post_thumbnail":0},"categories":[1],"tags":[],"_links":{"self":[{"href":"http:\/\/csapokert.gorogkatolikus.hu\/index.php?rest_route=\/wp\/v2\/posts\/987"}],"collection":[{"href":"http:\/\/csapokert.gorogkatolikus.hu\/index.php?rest_route=\/wp\/v2\/posts"}],"about":[{"href":"http:\/\/csapokert.gorogkatolikus.hu\/index.php?rest_route=\/wp\/v2\/types\/post"}],"author":[{"embeddable":true,"href":"http:\/\/csapokert.gorogkatolikus.hu\/index.php?rest_route=\/wp\/v2\/users\/3"}],"replies":[{"embeddable":true,"href":"http:\/\/csapokert.gorogkatolikus.hu\/index.php?rest_route=%2Fwp%2Fv2%2Fcomments&post=987"}],"version-history":[{"count":3,"href":"http:\/\/csapokert.gorogkatolikus.hu\/index.php?rest_route=\/wp\/v2\/posts\/987\/revisions"}],"predecessor-version":[{"id":1001,"href":"http:\/\/csapokert.gorogkatolikus.hu\/index.php?rest_route=\/wp\/v2\/posts\/987\/revisions\/1001"}],"wp:attachment":[{"href":"http:\/\/csapokert.gorogkatolikus.hu\/index.php?rest_route=%2Fwp%2Fv2%2Fmedia&parent=987"}],"wp:term":[{"taxonomy":"category","embeddable":true,"href":"http:\/\/csapokert.gorogkatolikus.hu\/index.php?rest_route=%2Fwp%2Fv2%2Fcategories&post=987"},{"taxonomy":"post_tag","embeddable":true,"href":"http:\/\/csapokert.gorogkatolikus.hu\/index.php?rest_route=%2Fwp%2Fv2%2Ftags&post=987"}],"curies":[{"name":"wp","href":"https:\/\/api.w.org\/{rel}","templated":true}]}}